																														{"id":59227,"date":"2026-08-12T14:28:00","date_gmt":"2026-08-12T12:28:00","guid":{"rendered":"https:\/\/www.listonegiordano.com\/?p=59227"},"modified":"2026-08-20T09:50:11","modified_gmt":"2026-08-20T07:50:11","slug":"seed-festival-2026","status":"publish","type":"post","link":"https:\/\/www.listonegiordano.com\/de\/seed-festival-2026\/","title":{"rendered":"Seed Festival 2026"},"content":{"rendered":"\t\t\t<section class=\"main-column row-padding\">\r\n\t\t\t\t<div class=\"panel center columns-10 none\">\r\n\t\t\t\t\t\n\t\t\t\t\t\t\t\t\t\t\t<div class=\"custom-gallery\" data-fade=\"\" data-ratio=\"\">\r\n\t\t\t\t\t<div class=\"carousel-container\">\r\n\t\t\t\t\t\t<div class=\"owl-carousel\">\r\n\t\t\t\t\t\t\t\t\t\t\t\t\t\t\t\t\t\t\t\t\t\t\t<div class=\"item\" data-text=\"\">\r\n\t\t\t\t\t\t\t\t\t\t\t\t\t\t\t\t\t\t<div class=\"image has-cover -bkg\">\r\n\t\t\t\t\t\t\t\t\t\t<img decoding=\"async\" class=\"cover\" title=\"Seed Festival Umanity 04\" alt=\"Seed Festival Umanity 04\" src=\"https:\/\/www.listonegiordano.com\/wp-content\/uploads\/2026\/07\/seed-festival-umanity-04.jpg\" srcset=\"https:\/\/www.listonegiordano.com\/wp-content\/uploads\/2026\/07\/seed-festival-umanity-04-300x169.jpg 300w, https:\/\/www.listonegiordano.com\/wp-content\/uploads\/2026\/07\/seed-festival-umanity-04-1024x576.jpg 1024w, https:\/\/www.listonegiordano.com\/wp-content\/uploads\/2026\/07\/seed-festival-umanity-04-768x432.jpg 768w, https:\/\/www.listonegiordano.com\/wp-content\/uploads\/2026\/07\/seed-festival-umanity-04-1536x864.jpg 1536w, https:\/\/www.listonegiordano.com\/wp-content\/uploads\/2026\/07\/seed-festival-umanity-04.jpg 1920w\">\r\n\t\t\t\t\t\t\t\t\t<\/div>\r\n\t\t\t\t\t\t\t\t<\/div>\r\n\t\t\t\t\t\t\t\t\t\t\t\t\t\t\t\t\t\t\t\t\t\t\t<div class=\"item\" data-text=\"\">\r\n\t\t\t\t\t\t\t\t\t\t\t\t\t\t\t\t\t\t<div class=\"image has-cover -bkg\">\r\n\t\t\t\t\t\t\t\t\t\t<img decoding=\"async\" class=\"cover\" title=\"Seed Festival Umanity 01\" alt=\"\" src=\"https:\/\/www.listonegiordano.com\/wp-content\/uploads\/2026\/07\/seed-festival-umanity-01.jpg\" srcset=\"https:\/\/www.listonegiordano.com\/wp-content\/uploads\/2026\/07\/seed-festival-umanity-01-300x169.jpg 300w, https:\/\/www.listonegiordano.com\/wp-content\/uploads\/2026\/07\/seed-festival-umanity-01-1024x576.jpg 1024w, https:\/\/www.listonegiordano.com\/wp-content\/uploads\/2026\/07\/seed-festival-umanity-01-768x432.jpg 768w, https:\/\/www.listonegiordano.com\/wp-content\/uploads\/2026\/07\/seed-festival-umanity-01-1536x864.jpg 1536w, https:\/\/www.listonegiordano.com\/wp-content\/uploads\/2026\/07\/seed-festival-umanity-01.jpg 1920w\">\r\n\t\t\t\t\t\t\t\t\t<\/div>\r\n\t\t\t\t\t\t\t\t<\/div>\r\n\t\t\t\t\t\t\t\t\t\t\t\t\t\t\t\t\t\t\t\t\t\t\t<div class=\"item\" data-text=\"\">\r\n\t\t\t\t\t\t\t\t\t\t\t\t\t\t\t\t\t\t<div class=\"image has-cover -bkg\">\r\n\t\t\t\t\t\t\t\t\t\t<img decoding=\"async\" class=\"cover\" title=\"Seed Festival Umanity 02\" alt=\"\" src=\"https:\/\/www.listonegiordano.com\/wp-content\/uploads\/2026\/07\/seed-festival-umanity-02.jpg\" srcset=\"https:\/\/www.listonegiordano.com\/wp-content\/uploads\/2026\/07\/seed-festival-umanity-02-300x169.jpg 300w, https:\/\/www.listonegiordano.com\/wp-content\/uploads\/2026\/07\/seed-festival-umanity-02-1024x576.jpg 1024w, https:\/\/www.listonegiordano.com\/wp-content\/uploads\/2026\/07\/seed-festival-umanity-02-768x432.jpg 768w, https:\/\/www.listonegiordano.com\/wp-content\/uploads\/2026\/07\/seed-festival-umanity-02-1536x864.jpg 1536w, https:\/\/www.listonegiordano.com\/wp-content\/uploads\/2026\/07\/seed-festival-umanity-02.jpg 1920w\">\r\n\t\t\t\t\t\t\t\t\t<\/div>\r\n\t\t\t\t\t\t\t\t<\/div>\r\n\t\t\t\t\t\t\t\t\t\t\t\t\t\t\t\t\t\t\t\t\t\t\t<div class=\"item\" data-text=\"\">\r\n\t\t\t\t\t\t\t\t\t\t\t\t\t\t\t\t\t\t<div class=\"image has-cover -bkg\">\r\n\t\t\t\t\t\t\t\t\t\t<img decoding=\"async\" class=\"cover\" title=\"Seed Festival Umanity 03\" alt=\"\" src=\"https:\/\/www.listonegiordano.com\/wp-content\/uploads\/2026\/07\/seed-festival-umanity-03.jpg\" srcset=\"https:\/\/www.listonegiordano.com\/wp-content\/uploads\/2026\/07\/seed-festival-umanity-03-300x169.jpg 300w, https:\/\/www.listonegiordano.com\/wp-content\/uploads\/2026\/07\/seed-festival-umanity-03-1024x576.jpg 1024w, https:\/\/www.listonegiordano.com\/wp-content\/uploads\/2026\/07\/seed-festival-umanity-03-768x432.jpg 768w, https:\/\/www.listonegiordano.com\/wp-content\/uploads\/2026\/07\/seed-festival-umanity-03-1536x864.jpg 1536w, https:\/\/www.listonegiordano.com\/wp-content\/uploads\/2026\/07\/seed-festival-umanity-03.jpg 1920w\">\r\n\t\t\t\t\t\t\t\t\t<\/div>\r\n\t\t\t\t\t\t\t\t<\/div>\r\n\t\t\t\t\t\t\t\t\t\t\t\t\t<\/div>\r\n\t\t\t\t\t<\/div>\r\n\t\t\t\t\t<div class=\"text small-font\">\r\n\t\t\t\t\t\t<div class=\"inner col-padding\"><\/div>\r\n\t\t\t\t\t<\/div>\r\n\t\t\t\t<\/div>\r\n\t\t\t\t\t\n\t\t\t\t<\/div>\r\n\t\t\t<\/section>\r\n\t\t\n\n\t\t\t<section class=\"main-column row-padding\">\r\n\t\t\t\t<div class=\"panel center columns-8 none\">\r\n\t\t\t\t\t\n\n<h2 id=\"h-seed-design-actions-for-the-future-perugia-14-17-oktober-2026\" class=\"qzr-add-controls-alt_title wp-block-heading\">Seed. <br>Design Actions for the future.<br>Perugia <br>14.\u201317. Oktober 2026<\/h2>\n\n\n\n<div style=\"height:80px\" aria-hidden=\"true\" class=\"wp-block-spacer\"><\/div>\n\n\n\n<h5 id=\"h-die-neue-ausgabe-von-seed-widmet-sich-dem-thema-menschlichkeit-und-untersucht-das-verhaltnis-zwischen-kunstlicher-intelligenz-architektur-raum-umwelt-und-neuen-formen-des-wohnens-in-einem-multidisziplinaren-programm-mit-internationalen-personlichkeiten-aus-design-wissenschaft-und-kultur-welche-vorstellung-von-menschlichkeit-wird-die-gestaltung-von-stadten-hausern-und-territorien-in-den-kommenden-jahrzehnten-pragen-wie-werden-sich-die-raume-in-denen-wir-leben-im-zeitalter-der-kunstlichen-intelligenz-der-robotik-der-klimakrisen-und-des-neuen-wettlaufs-ins-all-verandern\" class=\"qzr-add-controls-alt_title wp-block-heading\">Die neue Ausgabe von Seed widmet sich dem Thema <strong>\u201eMenschlichkeit\u201c<\/strong> und untersucht das Verh\u00e4ltnis zwischen k\u00fcnstlicher Intelligenz, Architektur, Raum, Umwelt und neuen Formen des Wohnens in einem multidisziplin\u00e4ren Programm mit internationalen Pers\u00f6nlichkeiten aus Design, Wissenschaft und Kultur.<br><br>Welche Vorstellung von Menschlichkeit wird die Gestaltung von St\u00e4dten, H\u00e4usern und Territorien in den kommenden Jahrzehnten pr\u00e4gen? Wie werden sich die R\u00e4ume, in denen wir leben, im Zeitalter der k\u00fcnstlichen Intelligenz, der Robotik, der Klimakrisen und des neuen Wettlaufs ins All ver\u00e4ndern?<\/h5>\n\n\n\n<div style=\"height:25px\" aria-hidden=\"true\" class=\"wp-block-spacer\"><\/div>\n\n\n\n<div style=\"height:0px\" aria-hidden=\"true\" class=\"wp-block-spacer\"><\/div>\n\n\t\t\t\t<\/div>\r\n\t\t\t<\/section>\r\n\t\t\n\n\n<div class=\"wp-block-buttons is-content-justification-center is-layout-flex wp-container-core-buttons-is-layout-fe48e5de wp-block-buttons-is-layout-flex\"><div class=\"wp-block-button \"><a style=\"\" class=\"wp-block-button__link\" href=\"https:\/\/seed360.org\/en\/programme-2026\/\" target=\"_blank\" rel=\"noopener\">Entdecken Sie das Programm<\/a><\/div><\/div>\n\n\n\t\t\t<section class=\"main-column row-padding\">\r\n\t\t\t\t<div class=\"panel center columns-10 none\">\r\n\t\t\t\t\t\n\r\n\t\t\t\t\t<div class=\"video-background-wrapper vimeo \">\r\n\t\t\t\t\t\t<div id=\"vimeo-1\" data-vimeo=\"https:\/\/vimeo.com\/1211670113?share=copy&#038;fl=sv&#038;fe=ci\"><\/div>\r\n\t\t\t\t\t<\/div>\r\n\t\t\t\t\n\t\t\t\t<\/div>\r\n\t\t\t<\/section>\r\n\t\t\n\n\n<div style=\"height:100px\" aria-hidden=\"true\" class=\"wp-block-spacer\"><\/div>\n\n\n\t\t\t<section class=\"main-column row-padding\">\r\n\t\t\t\t<div class=\"panel center columns-12 none\">\r\n\t\t\t\t\t\n\n<div class=\"wp-block-buttons is-content-justification-center is-layout-flex wp-container-core-buttons-is-layout-fe48e5de wp-block-buttons-is-layout-flex\"><div class=\"wp-block-button \"><a style=\"\" class=\"wp-block-button__link\" href=\"https:\/\/seed360.org\/en\/\" target=\"_blank\" rel=\"noopener\">ENTDECKEN SIE DAS SEED FESTIVAL<\/a><\/div><\/div>\n\n\t\t\t\t<\/div>\r\n\t\t\t<\/section>\r\n\t\t\n\n\n<div style=\"height:100px\" aria-hidden=\"true\" class=\"wp-block-spacer\"><\/div>\n\n\n\t\t\t<section class=\"main-column row-padding\">\r\n\t\t\t\t<div class=\"panel center columns-8 none\">\r\n\t\t\t\t\t\n\n<h2 id=\"h-\" class=\"qzr-add-controls-alt_title wp-block-heading\"><\/h2>\n\n\n\n<p class=\"wp-block-paragraph\">Diese Fragen stehen im Mittelpunkt von <strong>Seed. Design Actions for the Future<\/strong>, das vom <strong>14. bis 17. Oktober 2026<\/strong> in <strong>Perugia<\/strong> in den monumentalen R\u00e4umen von <strong>San Francesco al Prato<\/strong> zur\u00fcckkehrt und eine Ausgabe pr\u00e4sentiert, die dem Thema <strong>\u201eMenschlichkeit\u201c<\/strong> gewidmet ist.<br><\/p>\n\n\n\n<div style=\"height:52px\" aria-hidden=\"true\" class=\"wp-block-spacer\"><\/div>\n\n\n\n<p class=\"wp-block-paragraph\">Mehr als ein Festival f\u00fcr Architektur und Design versteht sich Seed als interdisziplin\u00e4res Labor, in dem das Projekt zu einem Instrument wird, um die gro\u00dfen Ver\u00e4nderungen unserer Zeit zu interpretieren. In einem Kontext, der von der Verbreitung digitaler Technologien, k\u00fcnstlicher Intelligenz, neuen geopolitischen Gleichgewichten und der dringenden \u00f6kologischen Transformation gepr\u00e4gt ist, regt die Ausgabe 2026 zum Nachdenken \u00fcber die Bedeutung des Menschseins und \u00fcber die Beziehungen zwischen dem Menschen, anderen Menschen, der Umwelt und den Technologien an.<br><\/p>\n\n\n\n<div style=\"height:0px\" aria-hidden=\"true\" class=\"wp-block-spacer\"><\/div>\n\n\t\t\t\t<\/div>\r\n\t\t\t<\/section>\r\n\t\t\n\n\t\t\t<section class=\"main-column row-padding\">\r\n\t\t\t\t<div class=\"panel center columns-10 none\">\r\n\t\t\t\t\t\n\r\n\t\t\t\t\t<div class=\"video-background-wrapper vimeo \">\r\n\t\t\t\t\t\t<div id=\"vimeo-2\" data-vimeo=\"https:\/\/vimeo.com\/1211936783\/39e125bca4?\"><\/div>\r\n\t\t\t\t\t<\/div>\r\n\t\t\t\t\n\t\t\t\t<\/div>\r\n\t\t\t<\/section>\r\n\t\t\n\n\t\t\t<section class=\"main-column row-padding\">\r\n\t\t\t\t<div class=\"panel center columns-8 none\">\r\n\t\t\t\t\t\n\n<h2 id=\"h-die-themen\" class=\"qzr-add-controls-alt_title wp-block-heading\">Die Themen<\/h2>\n\n\n\n<div style=\"height:45px\" aria-hidden=\"true\" class=\"wp-block-spacer\"><\/div>\n\n\n\n<h5 id=\"h-das-programm-gliedert-sich-in-vier-grosse-forschungsschwerpunkte-die-verschiedene-disziplinen-umfassen-sich-jedoch-auf-die-zentrale-rolle-der-projektkultur-konzentrieren-welche-vorstellung-von-menschlichkeit-wird-die-gestaltung-von-stadten-hausern-und-regionen-in-den-kommenden-jahrzehnten-leiten-wie-werden-sich-die-raume-in-denen-wir-leben-im-zeitalter-der-kunstlichen-intelligenz-der-robotik-der-klimakrise-und-des-neuen-wettlaufs-ins-all-verandern\" class=\"qzr-add-controls-alt_title wp-block-heading\">Das Programm gliedert sich in vier gro\u00dfe Forschungsschwerpunkte, die verschiedene Disziplinen umfassen, sich jedoch auf die zentrale Rolle der Projektkultur konzentrieren. Welche Vorstellung von Menschlichkeit wird die Gestaltung von St\u00e4dten, H\u00e4usern und Regionen in den kommenden Jahrzehnten leiten? Wie werden sich die R\u00e4ume, in denen wir leben, im Zeitalter der k\u00fcnstlichen Intelligenz, der Robotik, der Klimakrise und des neuen Wettlaufs ins All ver\u00e4ndern?<br><\/h5>\n\n\n\n<div style=\"height:100px\" aria-hidden=\"true\" class=\"wp-block-spacer\"><\/div>\n\n\n\n<p class=\"wp-block-paragraph\">Der erste Themenbereich, <strong>MENSCH SEIN<\/strong>, untersucht die zunehmend flie\u00dfende Grenze zwischen Mensch und Maschine und behandelt Themen wie die Erweiterung des menschlichen K\u00f6rpers, Mensch-Maschine-Schnittstellen, verk\u00f6rperte k\u00fcnstliche Intelligenz, soziale Robotik und die ethischen Implikationen der zunehmenden Integration von biologischer und digitaler Dimension.<br><br><br>Mit <strong>DEN PLANETEN BEWOHNEN<\/strong> widmet sich Seed der Transformation der Lebensr\u00e4ume auf unterschiedlichen Ma\u00dfstabsebenen \u2013 vom Haus \u00fcber die Stadt bis hin zum globalen Territorium. Im Mittelpunkt stehen neue Modelle des Zusammenlebens von Menschen, Natur und k\u00fcnstlichen Systemen, Strategien zur Anpassung an den Klimawandel, die Architektur der F\u00fcrsorge, das digitale Kulturerbe und neue Formen des gesellschaftlichen Zusammenhalts.<br><br><br>Die dritte Themenlinie, <strong>ANDERSWOHNEN<\/strong>, f\u00fchrt die Debatte \u00fcber den Planeten Erde hinaus und hinterfragt die Rolle des Designs bei der Gestaltung extraterrestrischer Lebensr\u00e4ume, Weltrauminfrastrukturen und Systeme f\u00fcr das Leben unter extremen Bedingungen. <strong>NEUE DYNAMIKEN DER MACHT<\/strong> befasst sich hingegen mit dem Verh\u00e4ltnis zwischen Algorithmen, Daten, Governance und den Ver\u00e4nderungen des \u00f6ffentlichen Raums im Zeitalter der k\u00fcnstlichen Intelligenz.<br><br><br><strong>NEUE DYNAMIKEN DER MACHT<\/strong> vervollst\u00e4ndigt das Gesamtbild als vierte Forschungslinie, die sich den unsichtbaren Systemen widmet, welche Entscheidungsstrukturen und die Beziehungen zwischen Technologie, Gesellschaft und Raum neu gestalten. In einer Zeit, in der Algorithmen, Daten, Neurowissenschaften und k\u00fcnstliche Intelligenz individuelles und kollektives Verhalten beeinflussen, verlagert sich Macht zunehmend von der territorialen auf die informationelle Ebene. Seed regt zur Auseinandersetzung mit den gestalterischen und ethischen Auswirkungen dieser Transformation an und widmet sich Themen wie Datensouver\u00e4nit\u00e4t, Infokratie, pr\u00e4diktiver Stadtplanung, \u00dcberwachungskapitalismus, der Ethik von Algorithmen und der unverzichtbaren Rolle des Menschen in Entscheidungsprozessen. Eine Untersuchung, die zeigt, dass sich Gestaltung nicht nur mit physischen R\u00e4umen auseinandersetzen muss, sondern auch mit den neuen digitalen Infrastrukturen, die das Funktionieren der St\u00e4dte und der heutigen Demokratien bestimmen.<br><\/p>\n\n\n\n<p class=\"wp-block-paragraph\"><\/p>\n\n\t\t\t\t<\/div>\r\n\t\t\t<\/section>\r\n\t\t\n\n\t\t\t<section class=\"main-column row-padding\">\r\n\t\t\t\t<div class=\"panel center columns-10 none\">\r\n\t\t\t\t\t\n\t\t\t\t\t\t\t\t\t\t\t<div class=\"custom-gallery\" data-fade=\"\" data-ratio=\"\">\r\n\t\t\t\t\t<div class=\"carousel-container\">\r\n\t\t\t\t\t\t<div class=\"owl-carousel\">\r\n\t\t\t\t\t\t\t\t\t\t\t\t\t\t\t\t\t\t\t\t\t\t\t<div class=\"item\" data-text=\"Seed. Design actions for the future\">\r\n\t\t\t\t\t\t\t\t\t\t\t\t\t\t\t\t\t\t<div class=\"image has-cover -bkg\">\r\n\t\t\t\t\t\t\t\t\t\t<img decoding=\"async\" class=\"cover\" title=\"Seed 25 Umanita 19\" alt=\"Seed. Design actions for the future\" src=\"https:\/\/www.listonegiordano.com\/wp-content\/uploads\/2026\/07\/seed-25-umanita-19.jpg\" srcset=\"https:\/\/www.listonegiordano.com\/wp-content\/uploads\/2026\/07\/seed-25-umanita-19-300x169.jpg 300w, https:\/\/www.listonegiordano.com\/wp-content\/uploads\/2026\/07\/seed-25-umanita-19-1024x576.jpg 1024w, https:\/\/www.listonegiordano.com\/wp-content\/uploads\/2026\/07\/seed-25-umanita-19-768x432.jpg 768w, https:\/\/www.listonegiordano.com\/wp-content\/uploads\/2026\/07\/seed-25-umanita-19-1536x864.jpg 1536w, https:\/\/www.listonegiordano.com\/wp-content\/uploads\/2026\/07\/seed-25-umanita-19.jpg 1920w\">\r\n\t\t\t\t\t\t\t\t\t<\/div>\r\n\t\t\t\t\t\t\t\t<\/div>\r\n\t\t\t\t\t\t\t\t\t\t\t\t\t\t\t\t\t\t\t\t\t\t\t<div class=\"item\" data-text=\"Seed. Design actions for the future\">\r\n\t\t\t\t\t\t\t\t\t\t\t\t\t\t\t\t\t\t<div class=\"image has-cover -bkg\">\r\n\t\t\t\t\t\t\t\t\t\t<img decoding=\"async\" class=\"cover\" title=\"Seed 25 Umanita 15\" alt=\"Seed. Design actions for the future\" src=\"https:\/\/www.listonegiordano.com\/wp-content\/uploads\/2026\/07\/seed-25-umanita-15-1.jpg\" srcset=\"https:\/\/www.listonegiordano.com\/wp-content\/uploads\/2026\/07\/seed-25-umanita-15-1-300x169.jpg 300w, https:\/\/www.listonegiordano.com\/wp-content\/uploads\/2026\/07\/seed-25-umanita-15-1-1024x576.jpg 1024w, https:\/\/www.listonegiordano.com\/wp-content\/uploads\/2026\/07\/seed-25-umanita-15-1-768x432.jpg 768w, https:\/\/www.listonegiordano.com\/wp-content\/uploads\/2026\/07\/seed-25-umanita-15-1-1536x864.jpg 1536w, https:\/\/www.listonegiordano.com\/wp-content\/uploads\/2026\/07\/seed-25-umanita-15-1.jpg 1920w\">\r\n\t\t\t\t\t\t\t\t\t<\/div>\r\n\t\t\t\t\t\t\t\t<\/div>\r\n\t\t\t\t\t\t\t\t\t\t\t\t\t\t\t\t\t\t\t\t\t\t\t<div class=\"item\" data-text=\"Seed. Design actions for the future\">\r\n\t\t\t\t\t\t\t\t\t\t\t\t\t\t\t\t\t\t<div class=\"image has-cover -bkg\">\r\n\t\t\t\t\t\t\t\t\t\t<img decoding=\"async\" class=\"cover\" title=\"Seed 25 Umanita 17\" alt=\"Seed. Design actions for the future\" src=\"https:\/\/www.listonegiordano.com\/wp-content\/uploads\/2026\/07\/seed-25-umanita-17-1.jpg\" srcset=\"https:\/\/www.listonegiordano.com\/wp-content\/uploads\/2026\/07\/seed-25-umanita-17-1-300x169.jpg 300w, https:\/\/www.listonegiordano.com\/wp-content\/uploads\/2026\/07\/seed-25-umanita-17-1-1024x576.jpg 1024w, https:\/\/www.listonegiordano.com\/wp-content\/uploads\/2026\/07\/seed-25-umanita-17-1-768x432.jpg 768w, https:\/\/www.listonegiordano.com\/wp-content\/uploads\/2026\/07\/seed-25-umanita-17-1-1536x864.jpg 1536w, https:\/\/www.listonegiordano.com\/wp-content\/uploads\/2026\/07\/seed-25-umanita-17-1.jpg 1920w\">\r\n\t\t\t\t\t\t\t\t\t<\/div>\r\n\t\t\t\t\t\t\t\t<\/div>\r\n\t\t\t\t\t\t\t\t\t\t\t\t\t\t\t\t\t\t\t\t\t\t\t<div class=\"item\" data-text=\"Seed. Design actions for the future\">\r\n\t\t\t\t\t\t\t\t\t\t\t\t\t\t\t\t\t\t<div class=\"image has-cover -bkg\">\r\n\t\t\t\t\t\t\t\t\t\t<img decoding=\"async\" class=\"cover\" title=\"Seed 25 Umanita 03\" alt=\"Seed. Design actions for the future\" src=\"https:\/\/www.listonegiordano.com\/wp-content\/uploads\/2026\/07\/seed-25-umanita-03-1.jpg\" srcset=\"https:\/\/www.listonegiordano.com\/wp-content\/uploads\/2026\/07\/seed-25-umanita-03-1-300x169.jpg 300w, https:\/\/www.listonegiordano.com\/wp-content\/uploads\/2026\/07\/seed-25-umanita-03-1-1024x576.jpg 1024w, https:\/\/www.listonegiordano.com\/wp-content\/uploads\/2026\/07\/seed-25-umanita-03-1-768x432.jpg 768w, https:\/\/www.listonegiordano.com\/wp-content\/uploads\/2026\/07\/seed-25-umanita-03-1-1536x864.jpg 1536w, https:\/\/www.listonegiordano.com\/wp-content\/uploads\/2026\/07\/seed-25-umanita-03-1.jpg 1920w\">\r\n\t\t\t\t\t\t\t\t\t<\/div>\r\n\t\t\t\t\t\t\t\t<\/div>\r\n\t\t\t\t\t\t\t\t\t\t\t\t\t<\/div>\r\n\t\t\t\t\t<\/div>\r\n\t\t\t\t\t<div class=\"text small-font\">\r\n\t\t\t\t\t\t<div class=\"inner col-padding\">Seed. Design actions for the future<\/div>\r\n\t\t\t\t\t<\/div>\r\n\t\t\t\t<\/div>\r\n\t\t\t\t\t\n\n\n<figure class=\"wp-block-image size-large\"><img decoding=\"async\" src=\"https:\/\/www.listonegiordanoarena.com\/wp-content\/uploads\/2026\/07\/seed-san-francesco-al-prato-1024x576.webp\" alt=\"\" class=\"wp-image-16864\"\/><figcaption class=\"wp-element-caption\">Seed Festival | Auditorium San Francesco al Prato &#8211; Perugia<\/figcaption><\/figure>\n\n\t\t\t\t<\/div>\r\n\t\t\t<\/section>\r\n\t\t\n\n\t\t\t<section class=\"main-column row-padding\">\r\n\t\t\t\t<div class=\"panel center columns-8 none\">\r\n\t\t\t\t\t\n\n<h2 id=\"h-die-gaste\" class=\"qzr-add-controls-alt_title wp-block-heading\"><br>Die G\u00e4ste<\/h2>\n\n\n\n<div style=\"height:45px\" aria-hidden=\"true\" class=\"wp-block-spacer\"><\/div>\n\n\n\n<p class=\"wp-block-paragraph\">Zur Auseinandersetzung mit diesen Themen versammelt das Programm einige der renommiertesten internationalen Stimmen aus Architektur, Design, Philosophie, Geopolitik und Wissenschaft.<br><br>Zu den bereits angek\u00fcndigten G\u00e4sten geh\u00f6ren die Architektin <strong>Anupama Kundoo<\/strong>, bekannt f\u00fcr ihre Forschung zu Materialien, Selbstbau und nachhaltiger Architektur; <strong>Belinda Tato<\/strong>, Professorin an der Harvard Graduate School of Design und Mitbegr\u00fcnderin von Ecosistema Urbano; <strong>S\u00f8ren Pihlmann<\/strong>, eine pr\u00e4gende Figur der neuen d\u00e4nischen Designszene und Vertreter eines radikalen Ansatzes zur Wiederverwendung von Materialien; die Designerin und Forscherin <strong>Annalisa Dominoni<\/strong>, eine der international f\u00fchrenden Expertinnen f\u00fcr Design for Outer Space; der Soziologe <strong>Mauro Magatti<\/strong>, der geopolitische Analyst <strong>Alessandro Aresu<\/strong>, der Journalist <strong>Luca De Biase<\/strong> und die Wissenschaftsphilosophin <strong>Luisa Damiano<\/strong>, eine der f\u00fchrenden Expertinnen f\u00fcr soziale Robotik.<br><br>Neben den Konferenzen experimentiert Seed weiterhin mit Formaten, die Design, Kunst und Performance miteinander verbinden. Zu den erwarteten H\u00f6hepunkten geh\u00f6ren <strong>Build Un-build<\/strong>, die neue partizipative Installation von <strong>Raffaele Salvoldi<\/strong>, entwickelt in Zusammenarbeit mit Listone Giordano, die \u00fcber das Bauen und Abbauen als kollektive Handlung reflektiert; <strong>Earthphonia<\/strong>, das Klangprojekt von <strong>Max Casacci<\/strong>, das ausschlie\u00dflich mit Naturger\u00e4uschen realisiert wurde; sowie das Theaterst\u00fcck <strong>La donna della bomba atomica<\/strong> von <strong>Gabriella Greison<\/strong>, das der Physikerin Leona Woods und den ethischen Implikationen wissenschaftlicher Forschung gewidmet ist.<br><br>Auch dem kulturellen Erbe wird eine zentrale Rolle einger\u00e4umt \u2013 dank der Sektion <strong>Seed-Arte<\/strong>, die sich 2026 in die Feierlichkeiten zum 800. Todestag des heiligen Franz von Assisi einf\u00fcgt. Zu den geplanten Projekten geh\u00f6rt die Pr\u00e4sentation des <strong>digitalen Zwillings<\/strong> der Kirche San Francesco al Prato, entwickelt von der Fondazione Guglielmo Giordano als Instrument f\u00fcr Forschung, Erhaltung und Zug\u00e4nglichkeit des historischen und k\u00fcnstlerischen Erbes. Er erm\u00f6glicht es, heute verlorene oder verstreute Kunstwerke virtuell wiederzugeben, und er\u00f6ffnet neue Perspektiven f\u00fcr die Vermittlung und Aufwertung des kulturellen Erbes durch digitale Technologien.<br><br><strong>Mit dieser neuen Ausgabe best\u00e4tigt Seed seine Rolle als bedeutendes Observatorium f\u00fcr die Ver\u00e4nderungen in Architektur und zeitgen\u00f6ssischem Design. Das Festival regt zu einer Reflexion an, die disziplin\u00e4re Grenzen \u00fcberschreitet und nach der Bedeutung des Projekts in einer Zeit fragt, in der sich gleichzeitig das Verst\u00e4ndnis von Menschlichkeit, die Formen des Wohnens und das Verh\u00e4ltnis zwischen Technologie, Natur und Gesellschaft ver\u00e4ndern.<\/strong><br><\/p>\n\n\n\n<p class=\"wp-block-paragraph\"><\/p>\n\n\t\t\t\t<\/div>\r\n\t\t\t<\/section>\r\n\t\t\n\n\t\t\t<section class=\"main-column row-padding\">\r\n\t\t\t\t<div class=\"panel center columns-12 none\">\r\n\t\t\t\t\t\n\n<div class=\"wp-block-buttons is-content-justification-center is-layout-flex wp-container-core-buttons-is-layout-fe48e5de wp-block-buttons-is-layout-flex\"><div class=\"wp-block-button \"><a style=\"\" class=\"wp-block-button__link\" href=\"https:\/\/seed360.org\/en\/\" target=\"_blank\" rel=\"noopener\">ENTDECKEN SIE DAS SEED FESTIVAL<\/a><\/div><\/div>\n\n\t\t\t\t<\/div>\r\n\t\t\t<\/section>\r\n\t\t\n\n\t\t\t<section class=\"main-column row-padding\">\r\n\t\t\t\t<div class=\"panel center columns-10 none\">\r\n\t\t\t\t\t\n\n<figure class=\"wp-block-embed is-type-video is-provider-vimeo wp-block-embed-vimeo wp-embed-aspect-16-9 wp-has-aspect-ratio\"><div class=\"wp-block-embed__wrapper\">\n<iframe loading=\"lazy\" title=\"Michele De Lucchi - SEED 2025-2026\" src=\"https:\/\/player.vimeo.com\/video\/1130152366?h=cf82cef4f2&amp;dnt=1&amp;app_id=122963\" width=\"640\" height=\"360\" frameborder=\"0\" allow=\"autoplay; fullscreen; picture-in-picture; clipboard-write; encrypted-media; web-share\" referrerpolicy=\"strict-origin-when-cross-origin\"><\/iframe>\n<\/div><\/figure>\n\n\t\t\t\t<\/div>\r\n\t\t\t<\/section>\r\n\t\t\n\n\t\t\t<section class=\"main-column row-padding\">\r\n\t\t\t\t<div class=\"panel center columns-12 none\">\r\n\t\t\t\t\t\n\t\t\t\t\t\t<div class=\"related-projects double-row-padding\">\r\n\t\t\t\t<h3 class=\"medium-font row-padding align-center regular\">\r\n\t\t\t\t\t\t\t\t\t\t\tMEHR INSPIRATION F\u00dcR IHR ZUHAUSE\t\t\t\t\t\t\t\t\t<\/h3>\r\n\t\t\t\t\r\n\t\t\t\t<div class=\"flex\">\r\n\t\t\t\t\t\t\t\t\t\t\t<a class=\"project columns-3 col-padding ajax-link\" href=\"https:\/\/www.listonegiordano.com\/de\/milan-design-week-2026\/\">\r\n\t\t\t\t\t\t\t<div class=\"image\">\r\n\t\t\t\t\t\t\t\t\t\t\t\t\t\t\t\t\t\t\t\t\t<img decoding=\"async\" class=\"cover\" title=\"Testata Web Neutra\" alt=\"\" src=\"https:\/\/www.listonegiordano.com\/wp-content\/uploads\/2026\/03\/testata_web_neutra.jpg\" srcset=\"https:\/\/www.listonegiordano.com\/wp-content\/uploads\/2026\/03\/testata_web_neutra-300x169.jpg 300w, https:\/\/www.listonegiordano.com\/wp-content\/uploads\/2026\/03\/testata_web_neutra-1024x576.jpg 1024w, https:\/\/www.listonegiordano.com\/wp-content\/uploads\/2026\/03\/testata_web_neutra-768x432.jpg 768w, https:\/\/www.listonegiordano.com\/wp-content\/uploads\/2026\/03\/testata_web_neutra-1536x864.jpg 1536w, https:\/\/www.listonegiordano.com\/wp-content\/uploads\/2026\/03\/testata_web_neutra.jpg 1920w\">\r\n\t\t\t\t\t\t\t\t\t\t\t\t\t\t\t\t\t\t<\/div>\r\n\t\t\t\t\t\t\t<h4 class=\"title corporate lowercase normal-medium-font\">Milan Design Week 2026<\/h4>\r\n\t\t\t\t\t\t<\/a>\r\n\t\t\t\t\t\t\t\t\t\t\t<a class=\"project columns-3 col-padding ajax-link\" href=\"https:\/\/www.listonegiordano.com\/de\/glue-festival-amsterdam-2026\/\">\r\n\t\t\t\t\t\t\t<div class=\"image\">\r\n\t\t\t\t\t\t\t\t\t\t\t\t\t\t\t\t\t\t\t\t\t<img decoding=\"async\" class=\"cover\" title=\"EN SP 115 Information Sheet LG Classica\" alt=\"\" src=\"https:\/\/www.listonegiordano.com\/wp-content\/uploads\/2020\/06\/EN_SP-115-Information-sheet-LG-Classica.pdf\" srcset=\"\">\r\n\t\t\t\t\t\t\t\t\t\t\t\t\t\t\t\t\t\t<\/div>\r\n\t\t\t\t\t\t\t<h4 class=\"title corporate lowercase normal-medium-font\">GLUE Amsterdam connected by design<\/h4>\r\n\t\t\t\t\t\t<\/a>\r\n\t\t\t\t\t\t\t\t\t\t\t<a class=\"project columns-3 col-padding ajax-link\" href=\"https:\/\/www.listonegiordano.com\/de\/euroshop-2026\/\">\r\n\t\t\t\t\t\t\t<div class=\"image\">\r\n\t\t\t\t\t\t\t\t\t\t\t\t\t\t\t\t\t\t\t\t\t<img decoding=\"async\" class=\"cover\" title=\"Listone Giordano Euroshop\" alt=\"\" src=\"https:\/\/www.listonegiordano.com\/wp-content\/uploads\/2026\/02\/Listone-Giordano-Euroshop.jpg\" srcset=\"https:\/\/www.listonegiordano.com\/wp-content\/uploads\/2026\/02\/Listone-Giordano-Euroshop-300x200.jpg 300w, https:\/\/www.listonegiordano.com\/wp-content\/uploads\/2026\/02\/Listone-Giordano-Euroshop-1024x682.jpg 1024w, https:\/\/www.listonegiordano.com\/wp-content\/uploads\/2026\/02\/Listone-Giordano-Euroshop-768x511.jpg 768w, https:\/\/www.listonegiordano.com\/wp-content\/uploads\/2026\/02\/Listone-Giordano-Euroshop-1536x1023.jpg 1536w, https:\/\/www.listonegiordano.com\/wp-content\/uploads\/2026\/02\/Listone-Giordano-Euroshop.jpg 1772w\">\r\n\t\t\t\t\t\t\t\t\t\t\t\t\t\t\t\t\t\t<\/div>\r\n\t\t\t\t\t\t\t<h4 class=\"title corporate lowercase normal-medium-font\">Euroshop 2026<\/h4>\r\n\t\t\t\t\t\t<\/a>\r\n\t\t\t\t\t\t\t\t\t\t\t<a class=\"project columns-3 col-padding ajax-link\" href=\"https:\/\/www.listonegiordano.com\/de\/milano-design-week-2024\/\">\r\n\t\t\t\t\t\t\t<div class=\"image\">\r\n\t\t\t\t\t\t\t\t\t\t\t\t\t\t\t\t\t\t\t\t\t<img decoding=\"async\" class=\"cover\" title=\"Stand Salone Del Mobile Corretto Con Scia Copia\" alt=\"\" src=\"https:\/\/www.listonegiordano.com\/wp-content\/uploads\/2024\/04\/stand-salone-del-mobile-corretto-con-scia-copia.png\" srcset=\"https:\/\/www.listonegiordano.com\/wp-content\/uploads\/2024\/04\/stand-salone-del-mobile-corretto-con-scia-copia-300x199.png 300w, https:\/\/www.listonegiordano.com\/wp-content\/uploads\/2024\/04\/stand-salone-del-mobile-corretto-con-scia-copia-1024x679.png 1024w, https:\/\/www.listonegiordano.com\/wp-content\/uploads\/2024\/04\/stand-salone-del-mobile-corretto-con-scia-copia-768x509.png 768w, https:\/\/www.listonegiordano.com\/wp-content\/uploads\/2024\/04\/stand-salone-del-mobile-corretto-con-scia-copia.png 1500w\">\r\n\t\t\t\t\t\t\t\t\t\t\t\t\t\t\t\t\t\t<\/div>\r\n\t\t\t\t\t\t\t<h4 class=\"title corporate lowercase normal-medium-font\">Milano Design Week 2024<\/h4>\r\n\t\t\t\t\t\t<\/a>\r\n\t\t\t\t\t\t\t\t\t<\/div>\r\n\t\t\t<\/div>\r\n\t\t\t\t\t\n\t\t\t\t<\/div>\r\n\t\t\t<\/section>\r\n\t\t","protected":false},"excerpt":{"rendered":"","protected":false},"author":74,"featured_media":58493,"comment_status":"closed","ping_status":"closed","sticky":false,"template":"","format":"standard","meta":{"area":"","groups":"","preview":"","columns":"","rows":"","date":"","product-meta-description":"","customer-name":"","customer-email":"","legal-terms":"%5B%5D","thankyou-text":"","qzr_location":"","qzr_product":"","qzr_collection":"","qzr_designer":"","qzr_year":"","qzr_partner":"","footnotes":""},"categories":[2574],"tags":[],"class_list":["post-59227","post","type-post","status-publish","format-standard","has-post-thumbnail","hentry","category-unkategorisiert"],"yoast_head":"<!-- This site is optimized with the Yoast SEO Premium plugin v28.0 (Yoast SEO v28.4) - https:\/\/yoast.com\/product\/yoast-seo-premium-wordpress\/ -->\n<title>Seed Festival 2026 | Listone Giordano<\/title>\n<meta name=\"description\" content=\"Das **Seed Festival** kehrt vom **14. bis 17. Oktober 2026** nach Perugia zur\u00fcck. Das diesj\u00e4hrige Thema ist **\u201eMenschlichkeit\u201c**.\" \/>\n<meta name=\"robots\" content=\"index, follow, max-snippet:-1, max-image-preview:large, max-video-preview:-1\" \/>\n<link rel=\"canonical\" href=\"https:\/\/www.listonegiordano.com\/de\/wp-json\/wp\/v2\/posts\/59227\/\" \/>\n<meta property=\"og:locale\" content=\"de_DE\" \/>\n<meta property=\"og:type\" content=\"article\" \/>\n<meta property=\"og:title\" content=\"Seed Festival 2026\" \/>\n<meta property=\"og:description\" content=\"Das **Seed Festival** kehrt vom **14. bis 17. Oktober 2026** nach Perugia zur\u00fcck. Das diesj\u00e4hrige Thema ist **\u201eMenschlichkeit\u201c**.\" \/>\n<meta property=\"og:url\" content=\"https:\/\/www.listonegiordano.com\/de\/seed-festival-2026\/\" \/>\n<meta property=\"og:site_name\" content=\"Listone Giordano\" \/>\n<meta property=\"article:publisher\" content=\"https:\/\/www.facebook.com\/listonegiordanoitalia\/\" \/>\n<meta property=\"article:published_time\" content=\"2026-08-12T12:28:00+00:00\" \/>\n<meta property=\"article:modified_time\" content=\"2026-08-20T07:50:11+00:00\" \/>\n<meta property=\"og:image\" content=\"https:\/\/www.listonegiordano.com\/wp-content\/uploads\/2026\/07\/seed-festival-umanity-03.jpg\" \/>\n\t<meta property=\"og:image:width\" content=\"1920\" \/>\n\t<meta property=\"og:image:height\" content=\"1080\" \/>\n\t<meta property=\"og:image:type\" content=\"image\/jpeg\" \/>\n<meta name=\"author\" content=\"Marta Brunelli\" \/>\n<meta name=\"twitter:card\" content=\"summary_large_image\" \/>\n<meta name=\"twitter:label1\" content=\"Verfasst von\" \/>\n\t<meta name=\"twitter:data1\" content=\"Marta Brunelli\" \/>\n\t<meta name=\"twitter:label2\" content=\"Gesch\u00e4tzte Lesezeit\" \/>\n\t<meta name=\"twitter:data2\" content=\"6\u00a0Minuten\" \/>\n<script type=\"application\/ld+json\" class=\"yoast-schema-graph\">{\"@context\":\"https:\\\/\\\/schema.org\",\"@graph\":[{\"@type\":\"Article\",\"@id\":\"https:\\\/\\\/www.listonegiordano.com\\\/de\\\/seed-festival-2026\\\/#article\",\"isPartOf\":{\"@id\":\"https:\\\/\\\/www.listonegiordano.com\\\/de\\\/seed-festival-2026\\\/\"},\"author\":{\"name\":\"Marta Brunelli\",\"@id\":\"https:\\\/\\\/www.listonegiordano.com\\\/de\\\/#\\\/schema\\\/person\\\/cdff7c377ea01c8053ebfc1cf10e66f5\"},\"headline\":\"Seed Festival 2026\",\"datePublished\":\"2026-08-12T12:28:00+00:00\",\"dateModified\":\"2026-08-20T07:50:11+00:00\",\"mainEntityOfPage\":{\"@id\":\"https:\\\/\\\/www.listonegiordano.com\\\/de\\\/seed-festival-2026\\\/\"},\"wordCount\":1014,\"publisher\":{\"@id\":\"https:\\\/\\\/www.listonegiordano.com\\\/de\\\/#organization\"},\"image\":{\"@id\":\"https:\\\/\\\/www.listonegiordano.com\\\/de\\\/seed-festival-2026\\\/#primaryimage\"},\"thumbnailUrl\":\"https:\\\/\\\/www.listonegiordano.com\\\/wp-content\\\/uploads\\\/2026\\\/07\\\/seed-festival-umanity-03.jpg\",\"articleSection\":[\"Unkategorisiert\"],\"inLanguage\":\"de\"},{\"@type\":\"WebPage\",\"@id\":\"https:\\\/\\\/www.listonegiordano.com\\\/de\\\/seed-festival-2026\\\/\",\"url\":\"https:\\\/\\\/www.listonegiordano.com\\\/de\\\/seed-festival-2026\\\/\",\"name\":\"Seed Festival 2026 | Listone Giordano\",\"isPartOf\":{\"@id\":\"https:\\\/\\\/www.listonegiordano.com\\\/de\\\/#website\"},\"primaryImageOfPage\":{\"@id\":\"https:\\\/\\\/www.listonegiordano.com\\\/de\\\/seed-festival-2026\\\/#primaryimage\"},\"image\":{\"@id\":\"https:\\\/\\\/www.listonegiordano.com\\\/de\\\/seed-festival-2026\\\/#primaryimage\"},\"thumbnailUrl\":\"https:\\\/\\\/www.listonegiordano.com\\\/wp-content\\\/uploads\\\/2026\\\/07\\\/seed-festival-umanity-03.jpg\",\"datePublished\":\"2026-08-12T12:28:00+00:00\",\"dateModified\":\"2026-08-20T07:50:11+00:00\",\"description\":\"Das **Seed Festival** kehrt vom **14. bis 17. Oktober 2026** nach Perugia zur\u00fcck. Das diesj\u00e4hrige Thema ist **\u201eMenschlichkeit\u201c**.\",\"breadcrumb\":{\"@id\":\"https:\\\/\\\/www.listonegiordano.com\\\/de\\\/seed-festival-2026\\\/#breadcrumb\"},\"inLanguage\":\"de\",\"potentialAction\":[{\"@type\":\"ReadAction\",\"target\":[\"https:\\\/\\\/www.listonegiordano.com\\\/de\\\/seed-festival-2026\\\/\"]}]},{\"@type\":\"ImageObject\",\"inLanguage\":\"de\",\"@id\":\"https:\\\/\\\/www.listonegiordano.com\\\/de\\\/seed-festival-2026\\\/#primaryimage\",\"url\":\"https:\\\/\\\/www.listonegiordano.com\\\/wp-content\\\/uploads\\\/2026\\\/07\\\/seed-festival-umanity-03.jpg\",\"contentUrl\":\"https:\\\/\\\/www.listonegiordano.com\\\/wp-content\\\/uploads\\\/2026\\\/07\\\/seed-festival-umanity-03.jpg\",\"width\":1920,\"height\":1080},{\"@type\":\"BreadcrumbList\",\"@id\":\"https:\\\/\\\/www.listonegiordano.com\\\/de\\\/seed-festival-2026\\\/#breadcrumb\",\"itemListElement\":[{\"@type\":\"ListItem\",\"position\":1,\"name\":\"Home\",\"item\":\"https:\\\/\\\/www.listonegiordano.com\\\/de\\\/\"},{\"@type\":\"ListItem\",\"position\":2,\"name\":\"News\",\"item\":\"https:\\\/\\\/www.listonegiordano.com\\\/.\\\/news\\\/\"},{\"@type\":\"ListItem\",\"position\":3,\"name\":\"Seed Festival 2026\"}]},{\"@type\":\"WebSite\",\"@id\":\"https:\\\/\\\/www.listonegiordano.com\\\/de\\\/#website\",\"url\":\"https:\\\/\\\/www.listonegiordano.com\\\/de\\\/\",\"name\":\"Listone Giordano\",\"description\":\"Listone Giordano \u00e8 sinonimo di eccellenza nella realizzazione di pavimenti in legno e parquet di pregio. Pavimento parquet in legno Listone.\",\"publisher\":{\"@id\":\"https:\\\/\\\/www.listonegiordano.com\\\/de\\\/#organization\"},\"potentialAction\":[{\"@type\":\"SearchAction\",\"target\":{\"@type\":\"EntryPoint\",\"urlTemplate\":\"https:\\\/\\\/www.listonegiordano.com\\\/de\\\/?s={search_term_string}\"},\"query-input\":{\"@type\":\"PropertyValueSpecification\",\"valueRequired\":true,\"valueName\":\"search_term_string\"}}],\"inLanguage\":\"de\"},{\"@type\":\"Organization\",\"@id\":\"https:\\\/\\\/www.listonegiordano.com\\\/de\\\/#organization\",\"name\":\"Listone Giordano\",\"url\":\"https:\\\/\\\/www.listonegiordano.com\\\/de\\\/\",\"logo\":{\"@type\":\"ImageObject\",\"inLanguage\":\"de\",\"@id\":\"https:\\\/\\\/www.listonegiordano.com\\\/de\\\/#\\\/schema\\\/logo\\\/image\\\/\",\"url\":\"https:\\\/\\\/www.listonegiordano.com\\\/wp-content\\\/uploads\\\/2020\\\/06\\\/listone-giordano-favicon.png\",\"contentUrl\":\"https:\\\/\\\/www.listonegiordano.com\\\/wp-content\\\/uploads\\\/2020\\\/06\\\/listone-giordano-favicon.png\",\"width\":512,\"height\":512,\"caption\":\"Listone Giordano\"},\"image\":{\"@id\":\"https:\\\/\\\/www.listonegiordano.com\\\/de\\\/#\\\/schema\\\/logo\\\/image\\\/\"},\"sameAs\":[\"https:\\\/\\\/www.facebook.com\\\/listonegiordanoitalia\\\/\",\"https:\\\/\\\/www.instagram.com\\\/listonegiordano\\\/\",\"https:\\\/\\\/www.linkedin.com\\\/company\\\/listone-giordano\\\/\",\"https:\\\/\\\/www.pinterest.it\\\/listoneg\",\"https:\\\/\\\/www.youtube.com\\\/user\\\/ListoneGiordano01\",\"https:\\\/\\\/it.wikipedia.org\\\/wiki\\\/Listone_Giordano\"]},{\"@type\":\"Person\",\"@id\":\"https:\\\/\\\/www.listonegiordano.com\\\/de\\\/#\\\/schema\\\/person\\\/cdff7c377ea01c8053ebfc1cf10e66f5\",\"name\":\"Marta Brunelli\"}]}<\/script>\n<!-- \/ Yoast SEO Premium plugin. -->","yoast_head_json":{"title":"Seed Festival 2026 | Listone Giordano","description":"Das **Seed Festival** kehrt vom **14. bis 17. Oktober 2026** nach Perugia zur\u00fcck. Das diesj\u00e4hrige Thema ist **\u201eMenschlichkeit\u201c**.","robots":{"index":"index","follow":"follow","max-snippet":"max-snippet:-1","max-image-preview":"max-image-preview:large","max-video-preview":"max-video-preview:-1"},"canonical":"https:\/\/www.listonegiordano.com\/de\/wp-json\/wp\/v2\/posts\/59227\/","og_locale":"de_DE","og_type":"article","og_title":"Seed Festival 2026","og_description":"Das **Seed Festival** kehrt vom **14. bis 17. Oktober 2026** nach Perugia zur\u00fcck. Das diesj\u00e4hrige Thema ist **\u201eMenschlichkeit\u201c**.","og_url":"https:\/\/www.listonegiordano.com\/de\/seed-festival-2026\/","og_site_name":"Listone Giordano","article_publisher":"https:\/\/www.facebook.com\/listonegiordanoitalia\/","article_published_time":"2026-08-12T12:28:00+00:00","article_modified_time":"2026-08-20T07:50:11+00:00","og_image":[{"width":1920,"height":1080,"url":"https:\/\/www.listonegiordano.com\/wp-content\/uploads\/2026\/07\/seed-festival-umanity-03.jpg","type":"image\/jpeg"}],"author":"Marta Brunelli","twitter_card":"summary_large_image","twitter_misc":{"Verfasst von":"Marta Brunelli","Gesch\u00e4tzte Lesezeit":"6\u00a0Minuten"},"schema":{"@context":"https:\/\/schema.org","@graph":[{"@type":"Article","@id":"https:\/\/www.listonegiordano.com\/de\/seed-festival-2026\/#article","isPartOf":{"@id":"https:\/\/www.listonegiordano.com\/de\/seed-festival-2026\/"},"author":{"name":"Marta Brunelli","@id":"https:\/\/www.listonegiordano.com\/de\/#\/schema\/person\/cdff7c377ea01c8053ebfc1cf10e66f5"},"headline":"Seed Festival 2026","datePublished":"2026-08-12T12:28:00+00:00","dateModified":"2026-08-20T07:50:11+00:00","mainEntityOfPage":{"@id":"https:\/\/www.listonegiordano.com\/de\/seed-festival-2026\/"},"wordCount":1014,"publisher":{"@id":"https:\/\/www.listonegiordano.com\/de\/#organization"},"image":{"@id":"https:\/\/www.listonegiordano.com\/de\/seed-festival-2026\/#primaryimage"},"thumbnailUrl":"https:\/\/www.listonegiordano.com\/wp-content\/uploads\/2026\/07\/seed-festival-umanity-03.jpg","articleSection":["Unkategorisiert"],"inLanguage":"de"},{"@type":"WebPage","@id":"https:\/\/www.listonegiordano.com\/de\/seed-festival-2026\/","url":"https:\/\/www.listonegiordano.com\/de\/seed-festival-2026\/","name":"Seed Festival 2026 | Listone Giordano","isPartOf":{"@id":"https:\/\/www.listonegiordano.com\/de\/#website"},"primaryImageOfPage":{"@id":"https:\/\/www.listonegiordano.com\/de\/seed-festival-2026\/#primaryimage"},"image":{"@id":"https:\/\/www.listonegiordano.com\/de\/seed-festival-2026\/#primaryimage"},"thumbnailUrl":"https:\/\/www.listonegiordano.com\/wp-content\/uploads\/2026\/07\/seed-festival-umanity-03.jpg","datePublished":"2026-08-12T12:28:00+00:00","dateModified":"2026-08-20T07:50:11+00:00","description":"Das **Seed Festival** kehrt vom **14. bis 17. Oktober 2026** nach Perugia zur\u00fcck. Das diesj\u00e4hrige Thema ist **\u201eMenschlichkeit\u201c**.","breadcrumb":{"@id":"https:\/\/www.listonegiordano.com\/de\/seed-festival-2026\/#breadcrumb"},"inLanguage":"de","potentialAction":[{"@type":"ReadAction","target":["https:\/\/www.listonegiordano.com\/de\/seed-festival-2026\/"]}]},{"@type":"ImageObject","inLanguage":"de","@id":"https:\/\/www.listonegiordano.com\/de\/seed-festival-2026\/#primaryimage","url":"https:\/\/www.listonegiordano.com\/wp-content\/uploads\/2026\/07\/seed-festival-umanity-03.jpg","contentUrl":"https:\/\/www.listonegiordano.com\/wp-content\/uploads\/2026\/07\/seed-festival-umanity-03.jpg","width":1920,"height":1080},{"@type":"BreadcrumbList","@id":"https:\/\/www.listonegiordano.com\/de\/seed-festival-2026\/#breadcrumb","itemListElement":[{"@type":"ListItem","position":1,"name":"Home","item":"https:\/\/www.listonegiordano.com\/de\/"},{"@type":"ListItem","position":2,"name":"News","item":"https:\/\/www.listonegiordano.com\/.\/news\/"},{"@type":"ListItem","position":3,"name":"Seed Festival 2026"}]},{"@type":"WebSite","@id":"https:\/\/www.listonegiordano.com\/de\/#website","url":"https:\/\/www.listonegiordano.com\/de\/","name":"Listone Giordano","description":"Listone Giordano \u00e8 sinonimo di eccellenza nella realizzazione di pavimenti in legno e parquet di pregio. Pavimento parquet in legno Listone.","publisher":{"@id":"https:\/\/www.listonegiordano.com\/de\/#organization"},"potentialAction":[{"@type":"SearchAction","target":{"@type":"EntryPoint","urlTemplate":"https:\/\/www.listonegiordano.com\/de\/?s={search_term_string}"},"query-input":{"@type":"PropertyValueSpecification","valueRequired":true,"valueName":"search_term_string"}}],"inLanguage":"de"},{"@type":"Organization","@id":"https:\/\/www.listonegiordano.com\/de\/#organization","name":"Listone Giordano","url":"https:\/\/www.listonegiordano.com\/de\/","logo":{"@type":"ImageObject","inLanguage":"de","@id":"https:\/\/www.listonegiordano.com\/de\/#\/schema\/logo\/image\/","url":"https:\/\/www.listonegiordano.com\/wp-content\/uploads\/2020\/06\/listone-giordano-favicon.png","contentUrl":"https:\/\/www.listonegiordano.com\/wp-content\/uploads\/2020\/06\/listone-giordano-favicon.png","width":512,"height":512,"caption":"Listone Giordano"},"image":{"@id":"https:\/\/www.listonegiordano.com\/de\/#\/schema\/logo\/image\/"},"sameAs":["https:\/\/www.facebook.com\/listonegiordanoitalia\/","https:\/\/www.instagram.com\/listonegiordano\/","https:\/\/www.linkedin.com\/company\/listone-giordano\/","https:\/\/www.pinterest.it\/listoneg","https:\/\/www.youtube.com\/user\/ListoneGiordano01","https:\/\/it.wikipedia.org\/wiki\/Listone_Giordano"]},{"@type":"Person","@id":"https:\/\/www.listonegiordano.com\/de\/#\/schema\/person\/cdff7c377ea01c8053ebfc1cf10e66f5","name":"Marta Brunelli"}]}},"_links":{"self":[{"href":"https:\/\/www.listonegiordano.com\/de\/wp-json\/wp\/v2\/posts\/59227","targetHints":{"allow":["GET"]}}],"collection":[{"href":"https:\/\/www.listonegiordano.com\/de\/wp-json\/wp\/v2\/posts"}],"about":[{"href":"https:\/\/www.listonegiordano.com\/de\/wp-json\/wp\/v2\/types\/post"}],"author":[{"embeddable":true,"href":"https:\/\/www.listonegiordano.com\/de\/wp-json\/wp\/v2\/users\/74"}],"replies":[{"embeddable":true,"href":"https:\/\/www.listonegiordano.com\/de\/wp-json\/wp\/v2\/comments?post=59227"}],"version-history":[{"count":5,"href":"https:\/\/www.listonegiordano.com\/de\/wp-json\/wp\/v2\/posts\/59227\/revisions"}],"predecessor-version":[{"id":59446,"href":"https:\/\/www.listonegiordano.com\/de\/wp-json\/wp\/v2\/posts\/59227\/revisions\/59446"}],"wp:featuredmedia":[{"embeddable":true,"href":"https:\/\/www.listonegiordano.com\/de\/wp-json\/wp\/v2\/media\/58493"}],"wp:attachment":[{"href":"https:\/\/www.listonegiordano.com\/de\/wp-json\/wp\/v2\/media?parent=59227"}],"wp:term":[{"taxonomy":"category","embeddable":true,"href":"https:\/\/www.listonegiordano.com\/de\/wp-json\/wp\/v2\/categories?post=59227"},{"taxonomy":"post_tag","embeddable":true,"href":"https:\/\/www.listonegiordano.com\/de\/wp-json\/wp\/v2\/tags?post=59227"}],"curies":[{"name":"wp","href":"https:\/\/api.w.org\/{rel}","templated":true}]}}