																														{"id":59233,"date":"2026-08-12T14:36:37","date_gmt":"2026-08-12T12:36:37","guid":{"rendered":"https:\/\/www.listonegiordano.com\/?p=59233"},"modified":"2026-08-20T09:51:21","modified_gmt":"2026-08-20T07:51:21","slug":"seed-festival-2026","status":"publish","type":"post","link":"https:\/\/www.listonegiordano.com\/es\/seed-festival-2026\/","title":{"rendered":"Seed Festival 2026"},"content":{"rendered":"\t\t\t<section class=\"main-column row-padding\">\r\n\t\t\t\t<div class=\"panel center columns-10 none\">\r\n\t\t\t\t\t\n\t\t\t\t\t\t\t\t\t\t\t<div class=\"custom-gallery\" data-fade=\"\" data-ratio=\"\">\r\n\t\t\t\t\t<div class=\"carousel-container\">\r\n\t\t\t\t\t\t<div class=\"owl-carousel\">\r\n\t\t\t\t\t\t\t\t\t\t\t\t\t\t\t\t\t\t\t\t\t\t\t<div class=\"item\" data-text=\"\">\r\n\t\t\t\t\t\t\t\t\t\t\t\t\t\t\t\t\t\t<div class=\"image has-cover -bkg\">\r\n\t\t\t\t\t\t\t\t\t\t<img decoding=\"async\" class=\"cover\" title=\"Seed Festival Umanity 04\" alt=\"Seed Festival Umanity 04\" src=\"https:\/\/www.listonegiordano.com\/wp-content\/uploads\/2026\/07\/seed-festival-umanity-04.jpg\" srcset=\"https:\/\/www.listonegiordano.com\/wp-content\/uploads\/2026\/07\/seed-festival-umanity-04-300x169.jpg 300w, https:\/\/www.listonegiordano.com\/wp-content\/uploads\/2026\/07\/seed-festival-umanity-04-1024x576.jpg 1024w, https:\/\/www.listonegiordano.com\/wp-content\/uploads\/2026\/07\/seed-festival-umanity-04-768x432.jpg 768w, https:\/\/www.listonegiordano.com\/wp-content\/uploads\/2026\/07\/seed-festival-umanity-04-1536x864.jpg 1536w, https:\/\/www.listonegiordano.com\/wp-content\/uploads\/2026\/07\/seed-festival-umanity-04.jpg 1920w\">\r\n\t\t\t\t\t\t\t\t\t<\/div>\r\n\t\t\t\t\t\t\t\t<\/div>\r\n\t\t\t\t\t\t\t\t\t\t\t\t\t\t\t\t\t\t\t\t\t\t\t<div class=\"item\" data-text=\"\">\r\n\t\t\t\t\t\t\t\t\t\t\t\t\t\t\t\t\t\t<div class=\"image has-cover -bkg\">\r\n\t\t\t\t\t\t\t\t\t\t<img decoding=\"async\" class=\"cover\" title=\"Seed Festival Umanity 01\" alt=\"\" src=\"https:\/\/www.listonegiordano.com\/wp-content\/uploads\/2026\/07\/seed-festival-umanity-01.jpg\" srcset=\"https:\/\/www.listonegiordano.com\/wp-content\/uploads\/2026\/07\/seed-festival-umanity-01-300x169.jpg 300w, https:\/\/www.listonegiordano.com\/wp-content\/uploads\/2026\/07\/seed-festival-umanity-01-1024x576.jpg 1024w, https:\/\/www.listonegiordano.com\/wp-content\/uploads\/2026\/07\/seed-festival-umanity-01-768x432.jpg 768w, https:\/\/www.listonegiordano.com\/wp-content\/uploads\/2026\/07\/seed-festival-umanity-01-1536x864.jpg 1536w, https:\/\/www.listonegiordano.com\/wp-content\/uploads\/2026\/07\/seed-festival-umanity-01.jpg 1920w\">\r\n\t\t\t\t\t\t\t\t\t<\/div>\r\n\t\t\t\t\t\t\t\t<\/div>\r\n\t\t\t\t\t\t\t\t\t\t\t\t\t\t\t\t\t\t\t\t\t\t\t<div class=\"item\" data-text=\"\">\r\n\t\t\t\t\t\t\t\t\t\t\t\t\t\t\t\t\t\t<div class=\"image has-cover -bkg\">\r\n\t\t\t\t\t\t\t\t\t\t<img decoding=\"async\" class=\"cover\" title=\"Seed Festival Umanity 02\" alt=\"\" src=\"https:\/\/www.listonegiordano.com\/wp-content\/uploads\/2026\/07\/seed-festival-umanity-02.jpg\" srcset=\"https:\/\/www.listonegiordano.com\/wp-content\/uploads\/2026\/07\/seed-festival-umanity-02-300x169.jpg 300w, https:\/\/www.listonegiordano.com\/wp-content\/uploads\/2026\/07\/seed-festival-umanity-02-1024x576.jpg 1024w, https:\/\/www.listonegiordano.com\/wp-content\/uploads\/2026\/07\/seed-festival-umanity-02-768x432.jpg 768w, https:\/\/www.listonegiordano.com\/wp-content\/uploads\/2026\/07\/seed-festival-umanity-02-1536x864.jpg 1536w, https:\/\/www.listonegiordano.com\/wp-content\/uploads\/2026\/07\/seed-festival-umanity-02.jpg 1920w\">\r\n\t\t\t\t\t\t\t\t\t<\/div>\r\n\t\t\t\t\t\t\t\t<\/div>\r\n\t\t\t\t\t\t\t\t\t\t\t\t\t\t\t\t\t\t\t\t\t\t\t<div class=\"item\" data-text=\"\">\r\n\t\t\t\t\t\t\t\t\t\t\t\t\t\t\t\t\t\t<div class=\"image has-cover -bkg\">\r\n\t\t\t\t\t\t\t\t\t\t<img decoding=\"async\" class=\"cover\" title=\"Seed Festival Umanity 03\" alt=\"\" src=\"https:\/\/www.listonegiordano.com\/wp-content\/uploads\/2026\/07\/seed-festival-umanity-03.jpg\" srcset=\"https:\/\/www.listonegiordano.com\/wp-content\/uploads\/2026\/07\/seed-festival-umanity-03-300x169.jpg 300w, https:\/\/www.listonegiordano.com\/wp-content\/uploads\/2026\/07\/seed-festival-umanity-03-1024x576.jpg 1024w, https:\/\/www.listonegiordano.com\/wp-content\/uploads\/2026\/07\/seed-festival-umanity-03-768x432.jpg 768w, https:\/\/www.listonegiordano.com\/wp-content\/uploads\/2026\/07\/seed-festival-umanity-03-1536x864.jpg 1536w, https:\/\/www.listonegiordano.com\/wp-content\/uploads\/2026\/07\/seed-festival-umanity-03.jpg 1920w\">\r\n\t\t\t\t\t\t\t\t\t<\/div>\r\n\t\t\t\t\t\t\t\t<\/div>\r\n\t\t\t\t\t\t\t\t\t\t\t\t\t<\/div>\r\n\t\t\t\t\t<\/div>\r\n\t\t\t\t\t<div class=\"text small-font\">\r\n\t\t\t\t\t\t<div class=\"inner col-padding\"><\/div>\r\n\t\t\t\t\t<\/div>\r\n\t\t\t\t<\/div>\r\n\t\t\t\t\t\n\t\t\t\t<\/div>\r\n\t\t\t<\/section>\r\n\t\t\n\n\t\t\t<section class=\"main-column row-padding\">\r\n\t\t\t\t<div class=\"panel center columns-8 none\">\r\n\t\t\t\t\t\n\n<h2 id=\"h-seed-design-actions-for-the-future-perugia-14-17-de-octubre-de-2026\" class=\"qzr-add-controls-alt_title wp-block-heading\">Seed. <br>Design Actions for the future.<br>Perugia <br>14 &#8211; 17 de octubre de 2026<\/h2>\n\n\n\n<div style=\"height:80px\" aria-hidden=\"true\" class=\"wp-block-spacer\"><\/div>\n\n\n\n<h5 id=\"h-la-nueva-edicion-de-seed-aborda-el-tema-humanidad-explorando-la-relacion-entre-inteligencia-artificial-arquitectura-espacio-medio-ambiente-y-nuevas-formas-de-habitar-a-traves-de-un-programa-multidisciplinar-con-protagonistas-internacionales-del-diseno-la-ciencia-y-la-cultura-que-idea-de-humanidad-guiara-el-diseno-de-las-ciudades-las-viviendas-y-los-territorios-en-las-proximas-decadas-como-cambiaran-los-espacios-que-habitamos-en-la-era-de-la-inteligencia-artificial-la-robotica-las-crisis-climaticas-y-la-nueva-carrera-espacial\" class=\"qzr-add-controls-alt_title wp-block-heading\">La nueva edici\u00f3n de Seed aborda el tema <strong>\u00abHumanidad\u00bb<\/strong>, explorando la relaci\u00f3n entre inteligencia artificial, arquitectura, espacio, medio ambiente y nuevas formas de habitar a trav\u00e9s de un programa multidisciplinar con protagonistas internacionales del dise\u00f1o, la ciencia y la cultura.<br><br>\u00bfQu\u00e9 idea de humanidad guiar\u00e1 el dise\u00f1o de las ciudades, las viviendas y los territorios en las pr\u00f3ximas d\u00e9cadas? \u00bfC\u00f3mo cambiar\u00e1n los espacios que habitamos en la era de la inteligencia artificial, la rob\u00f3tica, las crisis clim\u00e1ticas y la nueva carrera espacial?<br><\/h5>\n\n\n\n<div style=\"height:25px\" aria-hidden=\"true\" class=\"wp-block-spacer\"><\/div>\n\n\n\n<div style=\"height:0px\" aria-hidden=\"true\" class=\"wp-block-spacer\"><\/div>\n\n\t\t\t\t<\/div>\r\n\t\t\t<\/section>\r\n\t\t\n\n\n<div class=\"wp-block-buttons is-content-justification-center is-layout-flex wp-container-core-buttons-is-layout-fe48e5de wp-block-buttons-is-layout-flex\"><div class=\"wp-block-button \"><a style=\"\" class=\"wp-block-button__link\" href=\"https:\/\/seed360.org\/en\/programme-2026\/\" target=\"_blank\" rel=\"noopener\">Descubre el programa<\/a><\/div><\/div>\n\n\n\t\t\t<section class=\"main-column row-padding\">\r\n\t\t\t\t<div class=\"panel center columns-10 none\">\r\n\t\t\t\t\t\n\r\n\t\t\t\t\t<div class=\"video-background-wrapper vimeo \">\r\n\t\t\t\t\t\t<div id=\"vimeo-1\" data-vimeo=\"https:\/\/vimeo.com\/1211670113?share=copy&#038;fl=sv&#038;fe=ci\"><\/div>\r\n\t\t\t\t\t<\/div>\r\n\t\t\t\t\n\t\t\t\t<\/div>\r\n\t\t\t<\/section>\r\n\t\t\n\n\n<div style=\"height:100px\" aria-hidden=\"true\" class=\"wp-block-spacer\"><\/div>\n\n\n\t\t\t<section class=\"main-column row-padding\">\r\n\t\t\t\t<div class=\"panel center columns-12 none\">\r\n\t\t\t\t\t\n\n<div class=\"wp-block-buttons is-content-justification-center is-layout-flex wp-container-core-buttons-is-layout-fe48e5de wp-block-buttons-is-layout-flex\"><div class=\"wp-block-button \"><a style=\"\" class=\"wp-block-button__link\" href=\"https:\/\/seed360.org\/en\/programme-2026\/\" target=\"_blank\" rel=\"noopener\">DESCUBRE EL FESTIVAL SEED<\/a><\/div><\/div>\n\n\t\t\t\t<\/div>\r\n\t\t\t<\/section>\r\n\t\t\n\n\n<div style=\"height:100px\" aria-hidden=\"true\" class=\"wp-block-spacer\"><\/div>\n\n\n\t\t\t<section class=\"main-column row-padding\">\r\n\t\t\t\t<div class=\"panel center columns-8 none\">\r\n\t\t\t\t\t\n\n<h2 id=\"h-\" class=\"qzr-add-controls-alt_title wp-block-heading\"><\/h2>\n\n\n\n<p class=\"wp-block-paragraph\">Estas son algunas de las preguntas centrales de <strong>Seed. Design Actions for the Future<\/strong>, que regresa a <strong>Perugia del 14 al 17 de octubre de 2026<\/strong>, en los espacios monumentales de <strong>San Francesco al Prato<\/strong>, con una edici\u00f3n dedicada al tema <strong>\u00abHumanidad\u00bb<\/strong>.<br><\/p>\n\n\n\n<div style=\"height:52px\" aria-hidden=\"true\" class=\"wp-block-spacer\"><\/div>\n\n\n\n<p class=\"wp-block-paragraph\">M\u00e1s que un festival de arquitectura y dise\u00f1o, Seed se consolida como un laboratorio interdisciplinar en el que el proyecto se convierte en una herramienta para interpretar las grandes transformaciones contempor\u00e1neas. En un contexto marcado por la expansi\u00f3n de las tecnolog\u00edas digitales, la inteligencia artificial, la aparici\u00f3n de nuevos equilibrios geopol\u00edticos y la urgencia de la transici\u00f3n ecol\u00f3gica, la edici\u00f3n 2026 propone una reflexi\u00f3n sobre el significado mismo del ser humano y sobre las relaciones que lo vinculan con los dem\u00e1s, con el medio ambiente y con las tecnolog\u00edas.<br><\/p>\n\n\n\n<div style=\"height:0px\" aria-hidden=\"true\" class=\"wp-block-spacer\"><\/div>\n\n\t\t\t\t<\/div>\r\n\t\t\t<\/section>\r\n\t\t\n\n\t\t\t<section class=\"main-column row-padding\">\r\n\t\t\t\t<div class=\"panel center columns-10 none\">\r\n\t\t\t\t\t\n\r\n\t\t\t\t\t<div class=\"video-background-wrapper vimeo \">\r\n\t\t\t\t\t\t<div id=\"vimeo-2\" data-vimeo=\"https:\/\/vimeo.com\/1211936783\/39e125bca4?\"><\/div>\r\n\t\t\t\t\t<\/div>\r\n\t\t\t\t\n\t\t\t\t<\/div>\r\n\t\t\t<\/section>\r\n\t\t\n\n\t\t\t<section class=\"main-column row-padding\">\r\n\t\t\t\t<div class=\"panel center columns-8 none\">\r\n\t\t\t\t\t\n\n<h2 id=\"h-los-temas\" class=\"qzr-add-controls-alt_title wp-block-heading\">Los temas<\/h2>\n\n\n\n<div style=\"height:45px\" aria-hidden=\"true\" class=\"wp-block-spacer\"><\/div>\n\n\n\n<h5 id=\"h-el-programa-se-articula-en-torno-a-cuatro-grandes-lineas-de-investigacion-que-atraviesan-diferentes-disciplinas-pero-convergen-en-el-papel-central-de-la-cultura-del-proyecto-que-idea-de-humanidad-guiara-el-diseno-de-las-ciudades-las-viviendas-y-los-territorios-en-las-proximas-decadas-como-cambiaran-los-espacios-que-habitamos-en-la-era-de-la-inteligencia-artificial-la-robotica-las-crisis-climaticas-y-la-nueva-carrera-espacial\" class=\"qzr-add-controls-alt_title wp-block-heading\">El programa se articula en torno a cuatro grandes l\u00edneas de investigaci\u00f3n que atraviesan diferentes disciplinas, pero convergen en el papel central de la cultura del proyecto. \u00bfQu\u00e9 idea de humanidad guiar\u00e1 el dise\u00f1o de las ciudades, las viviendas y los territorios en las pr\u00f3ximas d\u00e9cadas? \u00bfC\u00f3mo cambiar\u00e1n los espacios que habitamos en la era de la inteligencia artificial, la rob\u00f3tica, las crisis clim\u00e1ticas y la nueva carrera espacial?<\/h5>\n\n\n\n<div style=\"height:100px\" aria-hidden=\"true\" class=\"wp-block-spacer\"><\/div>\n\n\n\n<p class=\"wp-block-paragraph\">La primera, <strong>SER HUMANOS<\/strong>, explora la frontera cada vez m\u00e1s difusa entre el ser humano y la m\u00e1quina, abordando temas como el aumento de las capacidades del cuerpo, las interfaces hombre-m\u00e1quina, la inteligencia artificial encarnada, la rob\u00f3tica social y las implicaciones \u00e9ticas de la creciente integraci\u00f3n entre las dimensiones biol\u00f3gica y digital.<br><br>Con <strong>HABITAR EL PLANETA<\/strong>, Seed analiza la transformaci\u00f3n de los espacios que habitamos a diferentes escalas, desde la vivienda hasta la ciudad y el territorio global. En el centro de la reflexi\u00f3n se encuentran nuevos modelos de convivencia entre seres humanos, naturaleza y sistemas artificiales, estrategias de adaptaci\u00f3n al cambio clim\u00e1tico, la arquitectura del cuidado, el patrimonio cultural digital y nuevas formas de cohesi\u00f3n social.<br><br>La tercera l\u00ednea, <strong>HABITAR EN OTROS LUGARES<\/strong>, lleva el debate m\u00e1s all\u00e1 del planeta Tierra y plantea el papel del dise\u00f1o en la concepci\u00f3n de h\u00e1bitats extraterrestres, infraestructuras espaciales y sistemas para la vida en condiciones extremas. Por su parte, <strong>NUEVAS DIN\u00c1MICAS DEL PODER<\/strong> aborda la relaci\u00f3n entre algoritmos, datos, gobernanza y transformaciones del espacio p\u00fablico en la era de la inteligencia artificial.<br><br>Completa el panorama <strong>NUEVAS DIN\u00c1MICAS DEL PODER<\/strong>, la cuarta l\u00ednea de investigaci\u00f3n, dedicada a los sistemas invisibles que est\u00e1n redise\u00f1ando las jerarqu\u00edas de decisi\u00f3n y las relaciones entre tecnolog\u00eda, sociedad y espacio. En una \u00e9poca en la que los algoritmos, los datos, las neurociencias y la inteligencia artificial influyen en los comportamientos individuales y colectivos, el poder se desplaza progresivamente de la dimensi\u00f3n territorial a la informacional. Seed propone una reflexi\u00f3n sobre las implicaciones proyectuales y \u00e9ticas de esta transformaci\u00f3n, abordando temas como la soberan\u00eda de los datos, la infocracia, el urbanismo predictivo, el capitalismo de la vigilancia, la \u00e9tica de los algoritmos y el papel imprescindible del ser humano en los procesos de toma de decisiones. Una investigaci\u00f3n que pone de manifiesto c\u00f3mo el proyecto debe enfrentarse no solo a los espacios f\u00edsicos, sino tambi\u00e9n a las nuevas infraestructuras digitales que regulan el funcionamiento de las ciudades y las democracias contempor\u00e1neas.<br><\/p>\n\n\n\n<p class=\"wp-block-paragraph\"><\/p>\n\n\t\t\t\t<\/div>\r\n\t\t\t<\/section>\r\n\t\t\n\n\t\t\t<section class=\"main-column row-padding\">\r\n\t\t\t\t<div class=\"panel center columns-10 none\">\r\n\t\t\t\t\t\n\t\t\t\t\t\t\t\t\t\t\t<div class=\"custom-gallery\" data-fade=\"\" data-ratio=\"\">\r\n\t\t\t\t\t<div class=\"carousel-container\">\r\n\t\t\t\t\t\t<div class=\"owl-carousel\">\r\n\t\t\t\t\t\t\t\t\t\t\t\t\t\t\t\t\t\t\t\t\t\t\t<div class=\"item\" data-text=\"Seed. Design actions for the future\">\r\n\t\t\t\t\t\t\t\t\t\t\t\t\t\t\t\t\t\t<div class=\"image has-cover -bkg\">\r\n\t\t\t\t\t\t\t\t\t\t<img decoding=\"async\" class=\"cover\" title=\"Seed 25 Umanita 19\" alt=\"Seed. Design actions for the future\" src=\"https:\/\/www.listonegiordano.com\/wp-content\/uploads\/2026\/07\/seed-25-umanita-19.jpg\" srcset=\"https:\/\/www.listonegiordano.com\/wp-content\/uploads\/2026\/07\/seed-25-umanita-19-300x169.jpg 300w, https:\/\/www.listonegiordano.com\/wp-content\/uploads\/2026\/07\/seed-25-umanita-19-1024x576.jpg 1024w, https:\/\/www.listonegiordano.com\/wp-content\/uploads\/2026\/07\/seed-25-umanita-19-768x432.jpg 768w, https:\/\/www.listonegiordano.com\/wp-content\/uploads\/2026\/07\/seed-25-umanita-19-1536x864.jpg 1536w, https:\/\/www.listonegiordano.com\/wp-content\/uploads\/2026\/07\/seed-25-umanita-19.jpg 1920w\">\r\n\t\t\t\t\t\t\t\t\t<\/div>\r\n\t\t\t\t\t\t\t\t<\/div>\r\n\t\t\t\t\t\t\t\t\t\t\t\t\t\t\t\t\t\t\t\t\t\t\t<div class=\"item\" data-text=\"Seed. Design actions for the future\">\r\n\t\t\t\t\t\t\t\t\t\t\t\t\t\t\t\t\t\t<div class=\"image has-cover -bkg\">\r\n\t\t\t\t\t\t\t\t\t\t<img decoding=\"async\" class=\"cover\" title=\"Seed 25 Umanita 15\" alt=\"Seed. Design actions for the future\" src=\"https:\/\/www.listonegiordano.com\/wp-content\/uploads\/2026\/07\/seed-25-umanita-15-1.jpg\" srcset=\"https:\/\/www.listonegiordano.com\/wp-content\/uploads\/2026\/07\/seed-25-umanita-15-1-300x169.jpg 300w, https:\/\/www.listonegiordano.com\/wp-content\/uploads\/2026\/07\/seed-25-umanita-15-1-1024x576.jpg 1024w, https:\/\/www.listonegiordano.com\/wp-content\/uploads\/2026\/07\/seed-25-umanita-15-1-768x432.jpg 768w, https:\/\/www.listonegiordano.com\/wp-content\/uploads\/2026\/07\/seed-25-umanita-15-1-1536x864.jpg 1536w, https:\/\/www.listonegiordano.com\/wp-content\/uploads\/2026\/07\/seed-25-umanita-15-1.jpg 1920w\">\r\n\t\t\t\t\t\t\t\t\t<\/div>\r\n\t\t\t\t\t\t\t\t<\/div>\r\n\t\t\t\t\t\t\t\t\t\t\t\t\t\t\t\t\t\t\t\t\t\t\t<div class=\"item\" data-text=\"Seed. Design actions for the future\">\r\n\t\t\t\t\t\t\t\t\t\t\t\t\t\t\t\t\t\t<div class=\"image has-cover -bkg\">\r\n\t\t\t\t\t\t\t\t\t\t<img decoding=\"async\" class=\"cover\" title=\"Seed 25 Umanita 17\" alt=\"Seed. Design actions for the future\" src=\"https:\/\/www.listonegiordano.com\/wp-content\/uploads\/2026\/07\/seed-25-umanita-17-1.jpg\" srcset=\"https:\/\/www.listonegiordano.com\/wp-content\/uploads\/2026\/07\/seed-25-umanita-17-1-300x169.jpg 300w, https:\/\/www.listonegiordano.com\/wp-content\/uploads\/2026\/07\/seed-25-umanita-17-1-1024x576.jpg 1024w, https:\/\/www.listonegiordano.com\/wp-content\/uploads\/2026\/07\/seed-25-umanita-17-1-768x432.jpg 768w, https:\/\/www.listonegiordano.com\/wp-content\/uploads\/2026\/07\/seed-25-umanita-17-1-1536x864.jpg 1536w, https:\/\/www.listonegiordano.com\/wp-content\/uploads\/2026\/07\/seed-25-umanita-17-1.jpg 1920w\">\r\n\t\t\t\t\t\t\t\t\t<\/div>\r\n\t\t\t\t\t\t\t\t<\/div>\r\n\t\t\t\t\t\t\t\t\t\t\t\t\t\t\t\t\t\t\t\t\t\t\t<div class=\"item\" data-text=\"Seed. Design actions for the future\">\r\n\t\t\t\t\t\t\t\t\t\t\t\t\t\t\t\t\t\t<div class=\"image has-cover -bkg\">\r\n\t\t\t\t\t\t\t\t\t\t<img decoding=\"async\" class=\"cover\" title=\"Seed 25 Umanita 03\" alt=\"Seed. Design actions for the future\" src=\"https:\/\/www.listonegiordano.com\/wp-content\/uploads\/2026\/07\/seed-25-umanita-03-1.jpg\" srcset=\"https:\/\/www.listonegiordano.com\/wp-content\/uploads\/2026\/07\/seed-25-umanita-03-1-300x169.jpg 300w, https:\/\/www.listonegiordano.com\/wp-content\/uploads\/2026\/07\/seed-25-umanita-03-1-1024x576.jpg 1024w, https:\/\/www.listonegiordano.com\/wp-content\/uploads\/2026\/07\/seed-25-umanita-03-1-768x432.jpg 768w, https:\/\/www.listonegiordano.com\/wp-content\/uploads\/2026\/07\/seed-25-umanita-03-1-1536x864.jpg 1536w, https:\/\/www.listonegiordano.com\/wp-content\/uploads\/2026\/07\/seed-25-umanita-03-1.jpg 1920w\">\r\n\t\t\t\t\t\t\t\t\t<\/div>\r\n\t\t\t\t\t\t\t\t<\/div>\r\n\t\t\t\t\t\t\t\t\t\t\t\t\t<\/div>\r\n\t\t\t\t\t<\/div>\r\n\t\t\t\t\t<div class=\"text small-font\">\r\n\t\t\t\t\t\t<div class=\"inner col-padding\">Seed. Design actions for the future<\/div>\r\n\t\t\t\t\t<\/div>\r\n\t\t\t\t<\/div>\r\n\t\t\t\t\t\n\n\n<figure class=\"wp-block-image size-large\"><img decoding=\"async\" src=\"https:\/\/www.listonegiordanoarena.com\/wp-content\/uploads\/2026\/07\/seed-san-francesco-al-prato-1024x576.webp\" alt=\"\" class=\"wp-image-16864\"\/><figcaption class=\"wp-element-caption\">Seed Festival | Auditorium San Francesco al Prato &#8211; Perugia<\/figcaption><\/figure>\n\n\t\t\t\t<\/div>\r\n\t\t\t<\/section>\r\n\t\t\n\n\t\t\t<section class=\"main-column row-padding\">\r\n\t\t\t\t<div class=\"panel center columns-8 none\">\r\n\t\t\t\t\t\n\n<h2 id=\"h-los-invitados\" class=\"qzr-add-controls-alt_title wp-block-heading\"><br>Los invitados<\/h2>\n\n\n\n<div style=\"height:45px\" aria-hidden=\"true\" class=\"wp-block-spacer\"><\/div>\n\n\n\n<p class=\"wp-block-paragraph\">Para abordar estos temas, el programa re\u00fane algunas de las voces internacionales m\u00e1s destacadas de la arquitectura, el dise\u00f1o, la filosof\u00eda, la geopol\u00edtica y la investigaci\u00f3n cient\u00edfica.<br><br>Entre los invitados ya anunciados figuran la arquitecta <strong>Anupama Kundoo<\/strong>, conocida por su investigaci\u00f3n sobre materiales, autoconstrucci\u00f3n y arquitectura sostenible; <strong>Belinda Tato<\/strong>, profesora de la Harvard Graduate School of Design y cofundadora de Ecosistema Urbano; <strong>S\u00f8ren Pihlmann<\/strong>, protagonista de la nueva escena danesa e int\u00e9rprete de un enfoque radical hacia la reutilizaci\u00f3n de materiales; la dise\u00f1adora e investigadora <strong>Annalisa Dominoni<\/strong>, una de las principales referencias internacionales del Design for Outer Space; el soci\u00f3logo <strong>Mauro Magatti<\/strong>, el analista geopol\u00edtico <strong>Alessandro Aresu<\/strong>, el periodista <strong>Luca De Biase<\/strong> y la fil\u00f3sofa de la ciencia <strong>Luisa Damiano<\/strong>, una de las m\u00e1ximas expertas en rob\u00f3tica social.<br><br>Junto a las conferencias, Seed contin\u00faa experimentando con lenguajes capaces de entrelazar proyecto, arte y performance. Entre las citas m\u00e1s esperadas figuran <strong>Build Un-build<\/strong>, la nueva instalaci\u00f3n participativa de <strong>Raffaele Salvoldi<\/strong>, desarrollada con Listone Giordano, que reflexiona sobre construir y deshacer como gesto colectivo; <strong>Earthphonia<\/strong>, el proyecto sonoro de <strong>Max Casacci<\/strong>, realizado exclusivamente con sonidos de la naturaleza; y el espect\u00e1culo teatral <strong>La donna della bomba atomica<\/strong>, de <strong>Gabriella Greison<\/strong>, dedicado a la figura de la f\u00edsica Leona Woods y a las implicaciones \u00e9ticas de la investigaci\u00f3n cient\u00edfica.<br><br>El patrimonio cultural tambi\u00e9n tendr\u00e1 un papel central gracias a la secci\u00f3n <strong>Seed-Arte<\/strong>, que en 2026 se integra en las celebraciones del octavo centenario de la muerte de San Francisco de As\u00eds. Entre los proyectos programados destaca la presentaci\u00f3n del <strong>gemelo digital<\/strong> de la iglesia de San Francesco al Prato, desarrollado por la Fondazione Guglielmo Giordano como herramienta de investigaci\u00f3n, conservaci\u00f3n y accesibilidad del patrimonio hist\u00f3rico-art\u00edstico, capaz de recrear virtualmente obras hoy desaparecidas o dispersas y de abrir nuevas perspectivas para la valorizaci\u00f3n del patrimonio cultural mediante las tecnolog\u00edas digitales.<br><\/p>\n\n\n\n<h5 id=\"h-con-esta-nueva-edicion-seed-confirma-su-vocacion-como-observatorio-privilegiado-de-las-transformaciones-de-la-arquitectura-y-el-diseno-contemporaneos-proponiendo-una-reflexion-que-trasciende-las-fronteras-disciplinares-para-cuestionar-el-significado-mismo-del-proyecto-en-una-epoca-en-la-que-cambian-simultaneamente-el-concepto-de-humanidad-las-formas-de-habitar-y-la-relacion-entre-tecnologia-naturaleza-y-sociedad\" class=\"qzr-add-controls-alt_title wp-block-heading\"><br>Con esta nueva edici\u00f3n, Seed confirma su vocaci\u00f3n como observatorio privilegiado de las transformaciones de la arquitectura y el dise\u00f1o contempor\u00e1neos, proponiendo una reflexi\u00f3n que trasciende las fronteras disciplinares para cuestionar el significado mismo del proyecto en una \u00e9poca en la que cambian simult\u00e1neamente el concepto de humanidad, las formas de habitar y la relaci\u00f3n entre tecnolog\u00eda, naturaleza y sociedad.<br><\/h5>\n\n\n\n<p class=\"wp-block-paragraph\"><\/p>\n\n\t\t\t\t<\/div>\r\n\t\t\t<\/section>\r\n\t\t\n\n\t\t\t<section class=\"main-column row-padding\">\r\n\t\t\t\t<div class=\"panel center columns-12 none\">\r\n\t\t\t\t\t\n\n<div class=\"wp-block-buttons is-content-justification-center is-layout-flex wp-container-core-buttons-is-layout-fe48e5de wp-block-buttons-is-layout-flex\"><div class=\"wp-block-button \"><a style=\"\" class=\"wp-block-button__link\" href=\"https:\/\/seed360.org\/en\/\" target=\"_blank\" rel=\"noopener\">DESCUBRE EL FESTIVAL SEED<\/a><\/div><\/div>\n\n\t\t\t\t<\/div>\r\n\t\t\t<\/section>\r\n\t\t\n\n\t\t\t<section class=\"main-column row-padding\">\r\n\t\t\t\t<div class=\"panel center columns-10 none\">\r\n\t\t\t\t\t\n\n<figure class=\"wp-block-embed is-type-video is-provider-vimeo wp-block-embed-vimeo wp-embed-aspect-16-9 wp-has-aspect-ratio\"><div class=\"wp-block-embed__wrapper\">\n<iframe loading=\"lazy\" title=\"Michele De Lucchi - SEED 2025-2026\" src=\"https:\/\/player.vimeo.com\/video\/1130152366?h=cf82cef4f2&amp;dnt=1&amp;app_id=122963\" width=\"640\" height=\"360\" frameborder=\"0\" allow=\"autoplay; fullscreen; picture-in-picture; clipboard-write; encrypted-media; web-share\" referrerpolicy=\"strict-origin-when-cross-origin\"><\/iframe>\n<\/div><\/figure>\n\n\t\t\t\t<\/div>\r\n\t\t\t<\/section>\r\n\t\t\n\n\t\t\t<section class=\"main-column row-padding\">\r\n\t\t\t\t<div class=\"panel center columns-12 none\">\r\n\t\t\t\t\t\n\t\t\t\t\t\t<div class=\"related-projects double-row-padding\">\r\n\t\t\t\t<h3 class=\"medium-font row-padding align-center regular\">\r\n\t\t\t\t\t\t\t\t\t\t\tINSPIRACI\u00d3N PARA TU CASA\t\t\t\t\t\t\t\t\t<\/h3>\r\n\t\t\t\t\r\n\t\t\t\t<div class=\"flex\">\r\n\t\t\t\t\t\t\t\t\t\t\t<a class=\"project columns-3 col-padding ajax-link\" href=\"https:\/\/www.listonegiordano.com\/es\/casa-decor-2026\/\">\r\n\t\t\t\t\t\t\t<div class=\"image\">\r\n\t\t\t\t\t\t\t\t\t\t\t\t\t\t\t\t\t\t\t\t\t<img decoding=\"async\" class=\"cover\" title=\"Casa Decor 2026\" alt=\"\" src=\"https:\/\/www.listonegiordano.com\/wp-content\/uploads\/2026\/04\/Casa-Decor_2026-1.png\" srcset=\"https:\/\/www.listonegiordano.com\/wp-content\/uploads\/2026\/04\/Casa-Decor_2026-1-300x198.png 300w, https:\/\/www.listonegiordano.com\/wp-content\/uploads\/2026\/04\/Casa-Decor_2026-1-1024x676.png 1024w, https:\/\/www.listonegiordano.com\/wp-content\/uploads\/2026\/04\/Casa-Decor_2026-1-768x507.png 768w, https:\/\/www.listonegiordano.com\/wp-content\/uploads\/2026\/04\/Casa-Decor_2026-1.png 1417w\">\r\n\t\t\t\t\t\t\t\t\t\t\t\t\t\t\t\t\t\t<\/div>\r\n\t\t\t\t\t\t\t<h4 class=\"title corporate lowercase normal-medium-font\">Casa Decor 2026<\/h4>\r\n\t\t\t\t\t\t<\/a>\r\n\t\t\t\t\t\t\t\t\t\t\t<a class=\"project columns-3 col-padding ajax-link\" href=\"https:\/\/www.listonegiordano.com\/es\/milan-design-week-2026\/\">\r\n\t\t\t\t\t\t\t<div class=\"image\">\r\n\t\t\t\t\t\t\t\t\t\t\t\t\t\t\t\t\t\t\t\t\t<img decoding=\"async\" class=\"cover\" title=\"Testata Web Neutra\" alt=\"\" src=\"https:\/\/www.listonegiordano.com\/wp-content\/uploads\/2026\/03\/testata_web_neutra.jpg\" srcset=\"https:\/\/www.listonegiordano.com\/wp-content\/uploads\/2026\/03\/testata_web_neutra-300x169.jpg 300w, https:\/\/www.listonegiordano.com\/wp-content\/uploads\/2026\/03\/testata_web_neutra-1024x576.jpg 1024w, https:\/\/www.listonegiordano.com\/wp-content\/uploads\/2026\/03\/testata_web_neutra-768x432.jpg 768w, https:\/\/www.listonegiordano.com\/wp-content\/uploads\/2026\/03\/testata_web_neutra-1536x864.jpg 1536w, https:\/\/www.listonegiordano.com\/wp-content\/uploads\/2026\/03\/testata_web_neutra.jpg 1920w\">\r\n\t\t\t\t\t\t\t\t\t\t\t\t\t\t\t\t\t\t<\/div>\r\n\t\t\t\t\t\t\t<h4 class=\"title corporate lowercase normal-medium-font\">Milan Design Week 2026<\/h4>\r\n\t\t\t\t\t\t<\/a>\r\n\t\t\t\t\t\t\t\t\t\t\t<a class=\"project columns-3 col-padding ajax-link\" href=\"https:\/\/www.listonegiordano.com\/premio-in-architettura-2026\/\">\r\n\t\t\t\t\t\t\t<div class=\"image\">\r\n\t\t\t\t\t\t\t\t\t\t\t\t\t\t\t\t\t\t\t\t\t<img decoding=\"async\" class=\"cover\" title=\"INH 26 NEWS WEBSITE 880&#215;600 2026 02 23 Ok\" alt=\"\" src=\"https:\/\/www.listonegiordano.com\/wp-content\/uploads\/2026\/03\/INH-26-NEWS-WEBSITE-880x600-2026-02-23_ok.png\" srcset=\"https:\/\/www.listonegiordano.com\/wp-content\/uploads\/2026\/03\/INH-26-NEWS-WEBSITE-880x600-2026-02-23_ok-300x205.png 300w, https:\/\/www.listonegiordano.com\/wp-content\/uploads\/2026\/03\/INH-26-NEWS-WEBSITE-880x600-2026-02-23_ok-768x524.png 768w, https:\/\/www.listonegiordano.com\/wp-content\/uploads\/2026\/03\/INH-26-NEWS-WEBSITE-880x600-2026-02-23_ok.png 880w\">\r\n\t\t\t\t\t\t\t\t\t\t\t\t\t\t\t\t\t\t<\/div>\r\n\t\t\t\t\t\t\t<h4 class=\"title corporate lowercase normal-medium-font\">Premio IN\/ARCHITETTURA 2026<\/h4>\r\n\t\t\t\t\t\t<\/a>\r\n\t\t\t\t\t\t\t\t\t\t\t<a class=\"project columns-3 col-padding ajax-link\" href=\"https:\/\/www.listonegiordano.com\/amede-schiattarella-amsterdam-speech\/\">\r\n\t\t\t\t\t\t\t<div class=\"image\">\r\n\t\t\t\t\t\t\t\t\t\t\t\t\t\t\t\t\t\t\t\t\t<img decoding=\"async\" class=\"cover\" title=\"Amedeo Schiattarella\" alt=\"\" src=\"https:\/\/www.listonegiordano.com\/wp-content\/uploads\/2026\/02\/Amedeo-Schiattarella.jpg\" srcset=\"https:\/\/www.listonegiordano.com\/wp-content\/uploads\/2026\/02\/Amedeo-Schiattarella-300x258.jpg 300w, https:\/\/www.listonegiordano.com\/wp-content\/uploads\/2026\/02\/Amedeo-Schiattarella-1024x881.jpg 1024w, https:\/\/www.listonegiordano.com\/wp-content\/uploads\/2026\/02\/Amedeo-Schiattarella-768x661.jpg 768w, https:\/\/www.listonegiordano.com\/wp-content\/uploads\/2026\/02\/Amedeo-Schiattarella.jpg 1280w\">\r\n\t\t\t\t\t\t\t\t\t\t\t\t\t\t\t\t\t\t<\/div>\r\n\t\t\t\t\t\t\t<h4 class=\"title corporate lowercase normal-medium-font\">Amedeo Schiattarella, Architecture is never neutral<\/h4>\r\n\t\t\t\t\t\t<\/a>\r\n\t\t\t\t\t\t\t\t\t<\/div>\r\n\t\t\t<\/div>\r\n\t\t\t\t\t\n\t\t\t\t<\/div>\r\n\t\t\t<\/section>\r\n\t\t","protected":false},"excerpt":{"rendered":"","protected":false},"author":74,"featured_media":58495,"comment_status":"closed","ping_status":"closed","sticky":false,"template":"","format":"standard","meta":{"area":"","groups":"","preview":"","columns":"","rows":"","date":"","product-meta-description":"","customer-name":"","customer-email":"","legal-terms":"%5B%5D","thankyou-text":"","qzr_location":"","qzr_product":"","qzr_collection":"","qzr_designer":"","qzr_year":"","qzr_partner":"","footnotes":""},"categories":[3801],"tags":[],"class_list":["post-59233","post","type-post","status-publish","format-standard","has-post-thumbnail","hentry","category-sin-categorizar"],"yoast_head":"<!-- This site is optimized with the Yoast SEO Premium plugin v28.0 (Yoast SEO v28.4) - https:\/\/yoast.com\/product\/yoast-seo-premium-wordpress\/ -->\n<title>Seed Festival 2026 | Listone Giordano<\/title>\n<meta name=\"description\" content=\"Seed vuelve a Perugia del 14 al 17 de octubre de 2026 con el tema \u00abHumanidad\u00bb: geopol\u00edtica, arquitectura, dise\u00f1o e IA.\" \/>\n<meta name=\"robots\" content=\"index, follow, max-snippet:-1, max-image-preview:large, max-video-preview:-1\" \/>\n<link rel=\"canonical\" href=\"https:\/\/www.listonegiordano.com\/es\/wp-json\/wp\/v2\/posts\/59233\/\" \/>\n<meta property=\"og:locale\" content=\"es_ES\" \/>\n<meta property=\"og:type\" content=\"article\" \/>\n<meta property=\"og:title\" content=\"Seed Festival 2026\" \/>\n<meta property=\"og:description\" content=\"Seed vuelve a Perugia del 14 al 17 de octubre de 2026 con el tema \u00abHumanidad\u00bb: geopol\u00edtica, arquitectura, dise\u00f1o e IA.\" \/>\n<meta property=\"og:url\" content=\"https:\/\/www.listonegiordano.com\/es\/seed-festival-2026\/\" \/>\n<meta property=\"og:site_name\" content=\"Listone Giordano\" \/>\n<meta property=\"article:publisher\" content=\"https:\/\/www.facebook.com\/listonegiordanoitalia\/\" \/>\n<meta property=\"article:published_time\" content=\"2026-08-12T12:36:37+00:00\" \/>\n<meta property=\"article:modified_time\" content=\"2026-08-20T07:51:21+00:00\" \/>\n<meta property=\"og:image\" content=\"https:\/\/www.listonegiordano.com\/wp-content\/uploads\/2026\/07\/seed-festival-umanity-03.jpg\" \/>\n\t<meta property=\"og:image:width\" content=\"1920\" \/>\n\t<meta property=\"og:image:height\" content=\"1080\" \/>\n\t<meta property=\"og:image:type\" content=\"image\/jpeg\" \/>\n<meta name=\"author\" content=\"Marta Brunelli\" \/>\n<meta name=\"twitter:card\" content=\"summary_large_image\" \/>\n<meta name=\"twitter:label1\" content=\"Escrito por\" \/>\n\t<meta name=\"twitter:data1\" content=\"Marta Brunelli\" \/>\n\t<meta name=\"twitter:label2\" content=\"Tiempo de lectura\" \/>\n\t<meta name=\"twitter:data2\" content=\"6 minutos\" \/>\n<script type=\"application\/ld+json\" class=\"yoast-schema-graph\">{\"@context\":\"https:\\\/\\\/schema.org\",\"@graph\":[{\"@type\":\"Article\",\"@id\":\"https:\\\/\\\/www.listonegiordano.com\\\/es\\\/seed-festival-2026\\\/#article\",\"isPartOf\":{\"@id\":\"https:\\\/\\\/www.listonegiordano.com\\\/es\\\/seed-festival-2026\\\/\"},\"author\":{\"name\":\"Marta Brunelli\",\"@id\":\"https:\\\/\\\/www.listonegiordano.com\\\/es\\\/#\\\/schema\\\/person\\\/cdff7c377ea01c8053ebfc1cf10e66f5\"},\"headline\":\"Seed Festival 2026\",\"datePublished\":\"2026-08-12T12:36:37+00:00\",\"dateModified\":\"2026-08-20T07:51:21+00:00\",\"mainEntityOfPage\":{\"@id\":\"https:\\\/\\\/www.listonegiordano.com\\\/es\\\/seed-festival-2026\\\/\"},\"wordCount\":1147,\"publisher\":{\"@id\":\"https:\\\/\\\/www.listonegiordano.com\\\/es\\\/#organization\"},\"image\":{\"@id\":\"https:\\\/\\\/www.listonegiordano.com\\\/es\\\/seed-festival-2026\\\/#primaryimage\"},\"thumbnailUrl\":\"https:\\\/\\\/www.listonegiordano.com\\\/wp-content\\\/uploads\\\/2026\\\/07\\\/seed-festival-umanity-03.jpg\",\"articleSection\":[\"Sin categorizar\"],\"inLanguage\":\"es\"},{\"@type\":\"WebPage\",\"@id\":\"https:\\\/\\\/www.listonegiordano.com\\\/es\\\/seed-festival-2026\\\/\",\"url\":\"https:\\\/\\\/www.listonegiordano.com\\\/es\\\/seed-festival-2026\\\/\",\"name\":\"Seed Festival 2026 | Listone Giordano\",\"isPartOf\":{\"@id\":\"https:\\\/\\\/www.listonegiordano.com\\\/es\\\/#website\"},\"primaryImageOfPage\":{\"@id\":\"https:\\\/\\\/www.listonegiordano.com\\\/es\\\/seed-festival-2026\\\/#primaryimage\"},\"image\":{\"@id\":\"https:\\\/\\\/www.listonegiordano.com\\\/es\\\/seed-festival-2026\\\/#primaryimage\"},\"thumbnailUrl\":\"https:\\\/\\\/www.listonegiordano.com\\\/wp-content\\\/uploads\\\/2026\\\/07\\\/seed-festival-umanity-03.jpg\",\"datePublished\":\"2026-08-12T12:36:37+00:00\",\"dateModified\":\"2026-08-20T07:51:21+00:00\",\"description\":\"Seed vuelve a Perugia del 14 al 17 de octubre de 2026 con el tema \u00abHumanidad\u00bb: geopol\u00edtica, arquitectura, dise\u00f1o e IA.\",\"breadcrumb\":{\"@id\":\"https:\\\/\\\/www.listonegiordano.com\\\/es\\\/seed-festival-2026\\\/#breadcrumb\"},\"inLanguage\":\"es\",\"potentialAction\":[{\"@type\":\"ReadAction\",\"target\":[\"https:\\\/\\\/www.listonegiordano.com\\\/es\\\/seed-festival-2026\\\/\"]}]},{\"@type\":\"ImageObject\",\"inLanguage\":\"es\",\"@id\":\"https:\\\/\\\/www.listonegiordano.com\\\/es\\\/seed-festival-2026\\\/#primaryimage\",\"url\":\"https:\\\/\\\/www.listonegiordano.com\\\/wp-content\\\/uploads\\\/2026\\\/07\\\/seed-festival-umanity-03.jpg\",\"contentUrl\":\"https:\\\/\\\/www.listonegiordano.com\\\/wp-content\\\/uploads\\\/2026\\\/07\\\/seed-festival-umanity-03.jpg\",\"width\":1920,\"height\":1080},{\"@type\":\"BreadcrumbList\",\"@id\":\"https:\\\/\\\/www.listonegiordano.com\\\/es\\\/seed-festival-2026\\\/#breadcrumb\",\"itemListElement\":[{\"@type\":\"ListItem\",\"position\":1,\"name\":\"Home\",\"item\":\"https:\\\/\\\/www.listonegiordano.com\\\/es\\\/\"},{\"@type\":\"ListItem\",\"position\":2,\"name\":\"Sin categorizar\",\"item\":\"https:\\\/\\\/www.listonegiordano.com\\\/es\\\/.\\\/sin-categorizar\\\/\"},{\"@type\":\"ListItem\",\"position\":3,\"name\":\"Seed Festival 2026\"}]},{\"@type\":\"WebSite\",\"@id\":\"https:\\\/\\\/www.listonegiordano.com\\\/es\\\/#website\",\"url\":\"https:\\\/\\\/www.listonegiordano.com\\\/es\\\/\",\"name\":\"Listone Giordano\",\"description\":\"Listone Giordano \u00e8 sinonimo di eccellenza nella realizzazione di pavimenti in legno e parquet di pregio. Pavimento parquet in legno Listone.\",\"publisher\":{\"@id\":\"https:\\\/\\\/www.listonegiordano.com\\\/es\\\/#organization\"},\"potentialAction\":[{\"@type\":\"SearchAction\",\"target\":{\"@type\":\"EntryPoint\",\"urlTemplate\":\"https:\\\/\\\/www.listonegiordano.com\\\/es\\\/?s={search_term_string}\"},\"query-input\":{\"@type\":\"PropertyValueSpecification\",\"valueRequired\":true,\"valueName\":\"search_term_string\"}}],\"inLanguage\":\"es\"},{\"@type\":\"Organization\",\"@id\":\"https:\\\/\\\/www.listonegiordano.com\\\/es\\\/#organization\",\"name\":\"Listone Giordano\",\"url\":\"https:\\\/\\\/www.listonegiordano.com\\\/es\\\/\",\"logo\":{\"@type\":\"ImageObject\",\"inLanguage\":\"es\",\"@id\":\"https:\\\/\\\/www.listonegiordano.com\\\/es\\\/#\\\/schema\\\/logo\\\/image\\\/\",\"url\":\"https:\\\/\\\/www.listonegiordano.com\\\/wp-content\\\/uploads\\\/2020\\\/06\\\/listone-giordano-favicon.png\",\"contentUrl\":\"https:\\\/\\\/www.listonegiordano.com\\\/wp-content\\\/uploads\\\/2020\\\/06\\\/listone-giordano-favicon.png\",\"width\":512,\"height\":512,\"caption\":\"Listone Giordano\"},\"image\":{\"@id\":\"https:\\\/\\\/www.listonegiordano.com\\\/es\\\/#\\\/schema\\\/logo\\\/image\\\/\"},\"sameAs\":[\"https:\\\/\\\/www.facebook.com\\\/listonegiordanoitalia\\\/\",\"https:\\\/\\\/www.instagram.com\\\/listonegiordano\\\/\",\"https:\\\/\\\/www.linkedin.com\\\/company\\\/listone-giordano\\\/\",\"https:\\\/\\\/www.pinterest.it\\\/listoneg\",\"https:\\\/\\\/www.youtube.com\\\/user\\\/ListoneGiordano01\",\"https:\\\/\\\/it.wikipedia.org\\\/wiki\\\/Listone_Giordano\"]},{\"@type\":\"Person\",\"@id\":\"https:\\\/\\\/www.listonegiordano.com\\\/es\\\/#\\\/schema\\\/person\\\/cdff7c377ea01c8053ebfc1cf10e66f5\",\"name\":\"Marta Brunelli\"}]}<\/script>\n<!-- \/ Yoast SEO Premium plugin. -->","yoast_head_json":{"title":"Seed Festival 2026 | Listone Giordano","description":"Seed vuelve a Perugia del 14 al 17 de octubre de 2026 con el tema \u00abHumanidad\u00bb: geopol\u00edtica, arquitectura, dise\u00f1o e IA.","robots":{"index":"index","follow":"follow","max-snippet":"max-snippet:-1","max-image-preview":"max-image-preview:large","max-video-preview":"max-video-preview:-1"},"canonical":"https:\/\/www.listonegiordano.com\/es\/wp-json\/wp\/v2\/posts\/59233\/","og_locale":"es_ES","og_type":"article","og_title":"Seed Festival 2026","og_description":"Seed vuelve a Perugia del 14 al 17 de octubre de 2026 con el tema \u00abHumanidad\u00bb: geopol\u00edtica, arquitectura, dise\u00f1o e IA.","og_url":"https:\/\/www.listonegiordano.com\/es\/seed-festival-2026\/","og_site_name":"Listone Giordano","article_publisher":"https:\/\/www.facebook.com\/listonegiordanoitalia\/","article_published_time":"2026-08-12T12:36:37+00:00","article_modified_time":"2026-08-20T07:51:21+00:00","og_image":[{"width":1920,"height":1080,"url":"https:\/\/www.listonegiordano.com\/wp-content\/uploads\/2026\/07\/seed-festival-umanity-03.jpg","type":"image\/jpeg"}],"author":"Marta Brunelli","twitter_card":"summary_large_image","twitter_misc":{"Escrito por":"Marta Brunelli","Tiempo de lectura":"6 minutos"},"schema":{"@context":"https:\/\/schema.org","@graph":[{"@type":"Article","@id":"https:\/\/www.listonegiordano.com\/es\/seed-festival-2026\/#article","isPartOf":{"@id":"https:\/\/www.listonegiordano.com\/es\/seed-festival-2026\/"},"author":{"name":"Marta Brunelli","@id":"https:\/\/www.listonegiordano.com\/es\/#\/schema\/person\/cdff7c377ea01c8053ebfc1cf10e66f5"},"headline":"Seed Festival 2026","datePublished":"2026-08-12T12:36:37+00:00","dateModified":"2026-08-20T07:51:21+00:00","mainEntityOfPage":{"@id":"https:\/\/www.listonegiordano.com\/es\/seed-festival-2026\/"},"wordCount":1147,"publisher":{"@id":"https:\/\/www.listonegiordano.com\/es\/#organization"},"image":{"@id":"https:\/\/www.listonegiordano.com\/es\/seed-festival-2026\/#primaryimage"},"thumbnailUrl":"https:\/\/www.listonegiordano.com\/wp-content\/uploads\/2026\/07\/seed-festival-umanity-03.jpg","articleSection":["Sin categorizar"],"inLanguage":"es"},{"@type":"WebPage","@id":"https:\/\/www.listonegiordano.com\/es\/seed-festival-2026\/","url":"https:\/\/www.listonegiordano.com\/es\/seed-festival-2026\/","name":"Seed Festival 2026 | Listone Giordano","isPartOf":{"@id":"https:\/\/www.listonegiordano.com\/es\/#website"},"primaryImageOfPage":{"@id":"https:\/\/www.listonegiordano.com\/es\/seed-festival-2026\/#primaryimage"},"image":{"@id":"https:\/\/www.listonegiordano.com\/es\/seed-festival-2026\/#primaryimage"},"thumbnailUrl":"https:\/\/www.listonegiordano.com\/wp-content\/uploads\/2026\/07\/seed-festival-umanity-03.jpg","datePublished":"2026-08-12T12:36:37+00:00","dateModified":"2026-08-20T07:51:21+00:00","description":"Seed vuelve a Perugia del 14 al 17 de octubre de 2026 con el tema \u00abHumanidad\u00bb: geopol\u00edtica, arquitectura, dise\u00f1o e IA.","breadcrumb":{"@id":"https:\/\/www.listonegiordano.com\/es\/seed-festival-2026\/#breadcrumb"},"inLanguage":"es","potentialAction":[{"@type":"ReadAction","target":["https:\/\/www.listonegiordano.com\/es\/seed-festival-2026\/"]}]},{"@type":"ImageObject","inLanguage":"es","@id":"https:\/\/www.listonegiordano.com\/es\/seed-festival-2026\/#primaryimage","url":"https:\/\/www.listonegiordano.com\/wp-content\/uploads\/2026\/07\/seed-festival-umanity-03.jpg","contentUrl":"https:\/\/www.listonegiordano.com\/wp-content\/uploads\/2026\/07\/seed-festival-umanity-03.jpg","width":1920,"height":1080},{"@type":"BreadcrumbList","@id":"https:\/\/www.listonegiordano.com\/es\/seed-festival-2026\/#breadcrumb","itemListElement":[{"@type":"ListItem","position":1,"name":"Home","item":"https:\/\/www.listonegiordano.com\/es\/"},{"@type":"ListItem","position":2,"name":"Sin categorizar","item":"https:\/\/www.listonegiordano.com\/es\/.\/sin-categorizar\/"},{"@type":"ListItem","position":3,"name":"Seed Festival 2026"}]},{"@type":"WebSite","@id":"https:\/\/www.listonegiordano.com\/es\/#website","url":"https:\/\/www.listonegiordano.com\/es\/","name":"Listone Giordano","description":"Listone Giordano \u00e8 sinonimo di eccellenza nella realizzazione di pavimenti in legno e parquet di pregio. Pavimento parquet in legno Listone.","publisher":{"@id":"https:\/\/www.listonegiordano.com\/es\/#organization"},"potentialAction":[{"@type":"SearchAction","target":{"@type":"EntryPoint","urlTemplate":"https:\/\/www.listonegiordano.com\/es\/?s={search_term_string}"},"query-input":{"@type":"PropertyValueSpecification","valueRequired":true,"valueName":"search_term_string"}}],"inLanguage":"es"},{"@type":"Organization","@id":"https:\/\/www.listonegiordano.com\/es\/#organization","name":"Listone Giordano","url":"https:\/\/www.listonegiordano.com\/es\/","logo":{"@type":"ImageObject","inLanguage":"es","@id":"https:\/\/www.listonegiordano.com\/es\/#\/schema\/logo\/image\/","url":"https:\/\/www.listonegiordano.com\/wp-content\/uploads\/2020\/06\/listone-giordano-favicon.png","contentUrl":"https:\/\/www.listonegiordano.com\/wp-content\/uploads\/2020\/06\/listone-giordano-favicon.png","width":512,"height":512,"caption":"Listone Giordano"},"image":{"@id":"https:\/\/www.listonegiordano.com\/es\/#\/schema\/logo\/image\/"},"sameAs":["https:\/\/www.facebook.com\/listonegiordanoitalia\/","https:\/\/www.instagram.com\/listonegiordano\/","https:\/\/www.linkedin.com\/company\/listone-giordano\/","https:\/\/www.pinterest.it\/listoneg","https:\/\/www.youtube.com\/user\/ListoneGiordano01","https:\/\/it.wikipedia.org\/wiki\/Listone_Giordano"]},{"@type":"Person","@id":"https:\/\/www.listonegiordano.com\/es\/#\/schema\/person\/cdff7c377ea01c8053ebfc1cf10e66f5","name":"Marta Brunelli"}]}},"_links":{"self":[{"href":"https:\/\/www.listonegiordano.com\/es\/wp-json\/wp\/v2\/posts\/59233","targetHints":{"allow":["GET"]}}],"collection":[{"href":"https:\/\/www.listonegiordano.com\/es\/wp-json\/wp\/v2\/posts"}],"about":[{"href":"https:\/\/www.listonegiordano.com\/es\/wp-json\/wp\/v2\/types\/post"}],"author":[{"embeddable":true,"href":"https:\/\/www.listonegiordano.com\/es\/wp-json\/wp\/v2\/users\/74"}],"replies":[{"embeddable":true,"href":"https:\/\/www.listonegiordano.com\/es\/wp-json\/wp\/v2\/comments?post=59233"}],"version-history":[{"count":2,"href":"https:\/\/www.listonegiordano.com\/es\/wp-json\/wp\/v2\/posts\/59233\/revisions"}],"predecessor-version":[{"id":59447,"href":"https:\/\/www.listonegiordano.com\/es\/wp-json\/wp\/v2\/posts\/59233\/revisions\/59447"}],"wp:featuredmedia":[{"embeddable":true,"href":"https:\/\/www.listonegiordano.com\/es\/wp-json\/wp\/v2\/media\/58495"}],"wp:attachment":[{"href":"https:\/\/www.listonegiordano.com\/es\/wp-json\/wp\/v2\/media?parent=59233"}],"wp:term":[{"taxonomy":"category","embeddable":true,"href":"https:\/\/www.listonegiordano.com\/es\/wp-json\/wp\/v2\/categories?post=59233"},{"taxonomy":"post_tag","embeddable":true,"href":"https:\/\/www.listonegiordano.com\/es\/wp-json\/wp\/v2\/tags?post=59233"}],"curies":[{"name":"wp","href":"https:\/\/api.w.org\/{rel}","templated":true}]}}