																														{"id":59217,"date":"2026-08-12T14:05:30","date_gmt":"2026-08-12T12:05:30","guid":{"rendered":"https:\/\/www.listonegiordano.com\/?p=59217"},"modified":"2026-08-20T09:47:58","modified_gmt":"2026-08-20T07:47:58","slug":"seed-festival-2026","status":"publish","type":"post","link":"https:\/\/www.listonegiordano.com\/fr\/seed-festival-2026\/","title":{"rendered":"Seed Festival 2026"},"content":{"rendered":"\t\t\t<section class=\"main-column row-padding\">\r\n\t\t\t\t<div class=\"panel center columns-10 none\">\r\n\t\t\t\t\t\n\t\t\t\t\t\t\t\t\t\t\t<div class=\"custom-gallery\" data-fade=\"\" data-ratio=\"\">\r\n\t\t\t\t\t<div class=\"carousel-container\">\r\n\t\t\t\t\t\t<div class=\"owl-carousel\">\r\n\t\t\t\t\t\t\t\t\t\t\t\t\t\t\t\t\t\t\t\t\t\t\t<div class=\"item\" data-text=\"\">\r\n\t\t\t\t\t\t\t\t\t\t\t\t\t\t\t\t\t\t<div class=\"image has-cover -bkg\">\r\n\t\t\t\t\t\t\t\t\t\t<img decoding=\"async\" class=\"cover\" title=\"Seed Festival Umanity 04\" alt=\"Seed Festival Umanity 04\" src=\"https:\/\/www.listonegiordano.com\/wp-content\/uploads\/2026\/07\/seed-festival-umanity-04.jpg\" srcset=\"https:\/\/www.listonegiordano.com\/wp-content\/uploads\/2026\/07\/seed-festival-umanity-04-300x169.jpg 300w, https:\/\/www.listonegiordano.com\/wp-content\/uploads\/2026\/07\/seed-festival-umanity-04-1024x576.jpg 1024w, https:\/\/www.listonegiordano.com\/wp-content\/uploads\/2026\/07\/seed-festival-umanity-04-768x432.jpg 768w, https:\/\/www.listonegiordano.com\/wp-content\/uploads\/2026\/07\/seed-festival-umanity-04-1536x864.jpg 1536w, https:\/\/www.listonegiordano.com\/wp-content\/uploads\/2026\/07\/seed-festival-umanity-04.jpg 1920w\">\r\n\t\t\t\t\t\t\t\t\t<\/div>\r\n\t\t\t\t\t\t\t\t<\/div>\r\n\t\t\t\t\t\t\t\t\t\t\t\t\t\t\t\t\t\t\t\t\t\t\t<div class=\"item\" data-text=\"\">\r\n\t\t\t\t\t\t\t\t\t\t\t\t\t\t\t\t\t\t<div class=\"image has-cover -bkg\">\r\n\t\t\t\t\t\t\t\t\t\t<img decoding=\"async\" class=\"cover\" title=\"Seed Festival Umanity 01\" alt=\"\" src=\"https:\/\/www.listonegiordano.com\/wp-content\/uploads\/2026\/07\/seed-festival-umanity-01.jpg\" srcset=\"https:\/\/www.listonegiordano.com\/wp-content\/uploads\/2026\/07\/seed-festival-umanity-01-300x169.jpg 300w, https:\/\/www.listonegiordano.com\/wp-content\/uploads\/2026\/07\/seed-festival-umanity-01-1024x576.jpg 1024w, https:\/\/www.listonegiordano.com\/wp-content\/uploads\/2026\/07\/seed-festival-umanity-01-768x432.jpg 768w, https:\/\/www.listonegiordano.com\/wp-content\/uploads\/2026\/07\/seed-festival-umanity-01-1536x864.jpg 1536w, https:\/\/www.listonegiordano.com\/wp-content\/uploads\/2026\/07\/seed-festival-umanity-01.jpg 1920w\">\r\n\t\t\t\t\t\t\t\t\t<\/div>\r\n\t\t\t\t\t\t\t\t<\/div>\r\n\t\t\t\t\t\t\t\t\t\t\t\t\t\t\t\t\t\t\t\t\t\t\t<div class=\"item\" data-text=\"\">\r\n\t\t\t\t\t\t\t\t\t\t\t\t\t\t\t\t\t\t<div class=\"image has-cover -bkg\">\r\n\t\t\t\t\t\t\t\t\t\t<img decoding=\"async\" class=\"cover\" title=\"Seed Festival Umanity 02\" alt=\"\" src=\"https:\/\/www.listonegiordano.com\/wp-content\/uploads\/2026\/07\/seed-festival-umanity-02.jpg\" srcset=\"https:\/\/www.listonegiordano.com\/wp-content\/uploads\/2026\/07\/seed-festival-umanity-02-300x169.jpg 300w, https:\/\/www.listonegiordano.com\/wp-content\/uploads\/2026\/07\/seed-festival-umanity-02-1024x576.jpg 1024w, https:\/\/www.listonegiordano.com\/wp-content\/uploads\/2026\/07\/seed-festival-umanity-02-768x432.jpg 768w, https:\/\/www.listonegiordano.com\/wp-content\/uploads\/2026\/07\/seed-festival-umanity-02-1536x864.jpg 1536w, https:\/\/www.listonegiordano.com\/wp-content\/uploads\/2026\/07\/seed-festival-umanity-02.jpg 1920w\">\r\n\t\t\t\t\t\t\t\t\t<\/div>\r\n\t\t\t\t\t\t\t\t<\/div>\r\n\t\t\t\t\t\t\t\t\t\t\t\t\t\t\t\t\t\t\t\t\t\t\t<div class=\"item\" data-text=\"\">\r\n\t\t\t\t\t\t\t\t\t\t\t\t\t\t\t\t\t\t<div class=\"image has-cover -bkg\">\r\n\t\t\t\t\t\t\t\t\t\t<img decoding=\"async\" class=\"cover\" title=\"Seed Festival Umanity 03\" alt=\"\" src=\"https:\/\/www.listonegiordano.com\/wp-content\/uploads\/2026\/07\/seed-festival-umanity-03.jpg\" srcset=\"https:\/\/www.listonegiordano.com\/wp-content\/uploads\/2026\/07\/seed-festival-umanity-03-300x169.jpg 300w, https:\/\/www.listonegiordano.com\/wp-content\/uploads\/2026\/07\/seed-festival-umanity-03-1024x576.jpg 1024w, https:\/\/www.listonegiordano.com\/wp-content\/uploads\/2026\/07\/seed-festival-umanity-03-768x432.jpg 768w, https:\/\/www.listonegiordano.com\/wp-content\/uploads\/2026\/07\/seed-festival-umanity-03-1536x864.jpg 1536w, https:\/\/www.listonegiordano.com\/wp-content\/uploads\/2026\/07\/seed-festival-umanity-03.jpg 1920w\">\r\n\t\t\t\t\t\t\t\t\t<\/div>\r\n\t\t\t\t\t\t\t\t<\/div>\r\n\t\t\t\t\t\t\t\t\t\t\t\t\t<\/div>\r\n\t\t\t\t\t<\/div>\r\n\t\t\t\t\t<div class=\"text small-font\">\r\n\t\t\t\t\t\t<div class=\"inner col-padding\"><\/div>\r\n\t\t\t\t\t<\/div>\r\n\t\t\t\t<\/div>\r\n\t\t\t\t\t\n\t\t\t\t<\/div>\r\n\t\t\t<\/section>\r\n\t\t\n\n\t\t\t<section class=\"main-column row-padding\">\r\n\t\t\t\t<div class=\"panel center columns-8 none\">\r\n\t\t\t\t\t\n\n<h2 id=\"h-seed-design-actions-for-the-future-perugia-14-17-octobre-2026\" class=\"qzr-add-controls-alt_title wp-block-heading\">Seed. <br>Design Actions for the future.<br>Perugia <br>14 &#8211; 17 octobre 2026<\/h2>\n\n\n\n<div style=\"height:80px\" aria-hidden=\"true\" class=\"wp-block-spacer\"><\/div>\n\n\n\n<h5 id=\"h-la-nuova-edizione-di-seed-affronta-il-tema-umanita-esplorando-il-rapporto-tra-intelligenza-artificiale-architettura-spazio-ambiente-e-nuove-forme-dell-abitare-attraverso-un-programma-multidisciplinare-con-protagonisti-internazionali-del-progetto-della-scienza-e-della-cultura\" class=\"qzr-add-controls-alt_title wp-block-heading\">La nuova edizione di Seed affronta il tema \u00ab\u00a0Umanit\u00e0\u00a0\u00bb, esplorando il rapporto tra intelligenza artificiale, architettura, spazio, ambiente e nuove forme dell&rsquo;abitare attraverso un programma multidisciplinare con protagonisti internazionali del progetto, della scienza e della cultura.<\/h5>\n\n\n\n<p class=\"wp-block-paragraph\" id=\"h-la-nuova-edizione-di-seed-affronta-il-tema-umanita-esplorando-il-rapporto-tra-intelligenza-artificiale-architettura-spazio-ambiente-e-nuove-forme-dell-abitare-attraverso-un-programma-multidisciplinare-con-protagonisti-internazionali-del-progetto-della-scienza-e-della-cultura-quale-idea-di-umanita-guidera-il-progetto-delle-citta-delle-case-e-dei-territori-nei-prossimi-decenni-come-cambieranno-gli-spazi-che-abitiamo-nell-epoca-dell-intelligenza-artificiale-della-robotica-delle-crisi-climatiche-e-della-nuova-corsa-allo-spazio\">Quelle id\u00e9e de l\u2019humanit\u00e9 guidera la conception des villes, des maisons et des territoires au cours des prochaines d\u00e9cennies ? Comment les espaces que nous habitons \u00e9volueront-ils \u00e0 l\u2019\u00e8re de l\u2019intelligence artificielle, de la robotique, des crises climatiques et de la nouvelle course \u00e0 l\u2019espace ?<\/p>\n\n\n\n<div style=\"height:25px\" aria-hidden=\"true\" class=\"wp-block-spacer\"><\/div>\n\n\n\n<div style=\"height:0px\" aria-hidden=\"true\" class=\"wp-block-spacer\"><\/div>\n\n\t\t\t\t<\/div>\r\n\t\t\t<\/section>\r\n\t\t\n\n\n<div class=\"wp-block-buttons is-content-justification-center is-layout-flex wp-container-core-buttons-is-layout-fe48e5de wp-block-buttons-is-layout-flex\"><div class=\"wp-block-button \"><a style=\"\" class=\"wp-block-button__link\" href=\"https:\/\/seed360.org\/en\/programme-2026\/\" target=\"_blank\" rel=\"noopener\">D\u00e9couvrez le programme<\/a><\/div><\/div>\n\n\n\t\t\t<section class=\"main-column row-padding\">\r\n\t\t\t\t<div class=\"panel center columns-10 none\">\r\n\t\t\t\t\t\n\r\n\t\t\t\t\t<div class=\"video-background-wrapper vimeo \">\r\n\t\t\t\t\t\t<div id=\"vimeo-1\" data-vimeo=\"https:\/\/vimeo.com\/1211670113?share=copy&#038;fl=sv&#038;fe=ci\"><\/div>\r\n\t\t\t\t\t<\/div>\r\n\t\t\t\t\n\t\t\t\t<\/div>\r\n\t\t\t<\/section>\r\n\t\t\n\n\n<div style=\"height:100px\" aria-hidden=\"true\" class=\"wp-block-spacer\"><\/div>\n\n\n\t\t\t<section class=\"main-column row-padding\">\r\n\t\t\t\t<div class=\"panel center columns-12 none\">\r\n\t\t\t\t\t\n\n<div class=\"wp-block-buttons is-content-justification-center is-layout-flex wp-container-core-buttons-is-layout-fe48e5de wp-block-buttons-is-layout-flex\"><div class=\"wp-block-button \"><a style=\"\" class=\"wp-block-button__link\" href=\"https:\/\/seed360.org\/en\/\" target=\"_blank\" rel=\"noopener\">D\u00c9COUVREZ LE FESTIVAL SEED<\/a><\/div><\/div>\n\n\t\t\t\t<\/div>\r\n\t\t\t<\/section>\r\n\t\t\n\n\n<div style=\"height:100px\" aria-hidden=\"true\" class=\"wp-block-spacer\"><\/div>\n\n\n\t\t\t<section class=\"main-column row-padding\">\r\n\t\t\t\t<div class=\"panel center columns-8 none\">\r\n\t\t\t\t\t\n\n<h2 id=\"h-\" class=\"qzr-add-controls-alt_title wp-block-heading\"><\/h2>\n\n\n\n<p class=\"wp-block-paragraph\">Ce sont quelques-unes des questions au c\u0153ur de <strong>Seed. Design Actions for the Future<\/strong>, qui revient \u00e0 <strong>P\u00e9rouse<\/strong> du <strong>14 au 17 octobre 2026<\/strong>, dans le cadre monumental de <strong>San Francesco al Prato<\/strong>, avec une \u00e9dition consacr\u00e9e au th\u00e8me <strong>\u00ab Humanit\u00e9 \u00bb<\/strong>.<br><br><br><\/p>\n\n\n\n<div style=\"height:52px\" aria-hidden=\"true\" class=\"wp-block-spacer\"><\/div>\n\n\n\n<p class=\"wp-block-paragraph\">Plus qu\u2019un festival d\u2019architecture et de design, Seed s\u2019affirme comme un laboratoire interdisciplinaire o\u00f9 le projet devient un outil d\u2019interpr\u00e9tation des grandes transformations contemporaines. Dans un contexte marqu\u00e9 par la diffusion des technologies num\u00e9riques, l\u2019intelligence artificielle, l\u2019\u00e9mergence de nouveaux \u00e9quilibres g\u00e9opolitiques et l\u2019urgence de la transition \u00e9cologique, l\u2019\u00e9dition 2026 propose une r\u00e9flexion sur la signification m\u00eame de l\u2019\u00eatre humain et sur les relations qui le lient aux autres, \u00e0 l\u2019environnement et aux technologies.<\/p>\n\n\n\n<div style=\"height:0px\" aria-hidden=\"true\" class=\"wp-block-spacer\"><\/div>\n\n\t\t\t\t<\/div>\r\n\t\t\t<\/section>\r\n\t\t\n\n\t\t\t<section class=\"main-column row-padding\">\r\n\t\t\t\t<div class=\"panel center columns-10 none\">\r\n\t\t\t\t\t\n\r\n\t\t\t\t\t<div class=\"video-background-wrapper vimeo \">\r\n\t\t\t\t\t\t<div id=\"vimeo-2\" data-vimeo=\"https:\/\/vimeo.com\/1211936783\/39e125bca4?\"><\/div>\r\n\t\t\t\t\t<\/div>\r\n\t\t\t\t\n\t\t\t\t<\/div>\r\n\t\t\t<\/section>\r\n\t\t\n\n\t\t\t<section class=\"main-column row-padding\">\r\n\t\t\t\t<div class=\"panel center columns-8 none\">\r\n\t\t\t\t\t\n\n<h2 id=\"h-les-themes\" class=\"qzr-add-controls-alt_title wp-block-heading\">Les th\u00e8mes<\/h2>\n\n\n\n<div style=\"height:45px\" aria-hidden=\"true\" class=\"wp-block-spacer\"><\/div>\n\n\n\n<h5 id=\"h-le-programme-s-articule-autour-de-quatre-grandes-orientations-de-recherche-qui-traversent-differentes-disciplines-tout-en-convergeant-vers-le-role-central-de-la-culture-du-projet-quelle-idee-de-l-humanite-guidera-la-conception-des-villes-des-maisons-et-des-territoires-au-cours-des-prochaines-decennies-comment-les-espaces-que-nous-habitons-evolueront-ils-a-l-ere-de-l-intelligence-artificielle-de-la-robotique-des-crises-climatiques-et-de-la-nouvelle-course-a-l-espace\" class=\"qzr-add-controls-alt_title wp-block-heading\">Le programme s\u2019articule autour de quatre grandes orientations de recherche qui traversent diff\u00e9rentes disciplines tout en convergeant vers le r\u00f4le central de la culture du projet. Quelle id\u00e9e de l\u2019humanit\u00e9 guidera la conception des villes, des maisons et des territoires au cours des prochaines d\u00e9cennies ? Comment les espaces que nous habitons \u00e9volueront-ils \u00e0 l\u2019\u00e8re de l\u2019intelligence artificielle, de la robotique, des crises climatiques et de la nouvelle course \u00e0 l\u2019espace ?<\/h5>\n\n\n\n<div style=\"height:100px\" aria-hidden=\"true\" class=\"wp-block-spacer\"><\/div>\n\n\n\n<p class=\"wp-block-paragraph\"><br>La premi\u00e8re, <strong>\u00caTRE HUMAINS<\/strong>, explore la fronti\u00e8re de plus en plus t\u00e9nue entre l\u2019homme et la machine, en abordant des th\u00e8mes tels que l\u2019augmentation des capacit\u00e9s humaines, les interfaces homme-machine, l\u2019intelligence artificielle incarn\u00e9e, la robotique sociale et les implications \u00e9thiques de l\u2019int\u00e9gration croissante entre les dimensions biologique et num\u00e9rique.<br><br>Avec <strong>HABITER LA PLAN\u00c8TE<\/strong>, Seed s\u2019int\u00e9resse \u00e0 la transformation des espaces de vie \u00e0 diff\u00e9rentes \u00e9chelles, de la maison \u00e0 la ville jusqu\u2019au territoire mondial. Au c\u0153ur de la r\u00e9flexion se trouvent de nouveaux mod\u00e8les de coexistence entre les \u00eatres humains, la nature et les syst\u00e8mes artificiels, les strat\u00e9gies d\u2019adaptation au changement climatique, l\u2019architecture du soin, le patrimoine culturel num\u00e9rique et les nouvelles formes de coh\u00e9sion sociale.<br><br>La troisi\u00e8me trajectoire, <strong>HABITER AILLEURS<\/strong>, porte le d\u00e9bat au-del\u00e0 de la plan\u00e8te Terre et interroge le r\u00f4le du design dans la conception d\u2019habitats extraterrestres, d\u2019infrastructures spatiales et de syst\u00e8mes permettant la vie dans des conditions extr\u00eames, tandis que <strong>NOUVELLES DYNAMIQUES DU POUVOIR<\/strong> aborde les relations entre algorithmes, donn\u00e9es, gouvernance et transformations de l\u2019espace public \u00e0 l\u2019\u00e8re de l\u2019intelligence artificielle.<br><br>Completa il quadro <strong>NUOVE DINAMICHE DI POTERE<\/strong>, la quarta traiettoria di ricerca, dedicata ai sistemi invisibili che stanno ridisegnando le gerarchie decisionali e i rapporti tra tecnologia, societ\u00e0 e spazio. In un&rsquo;epoca in cui algoritmi, dati, neuroscienze e intelligenza artificiale influenzano comportamenti individuali e collettivi, il potere si sposta progressivamente dalla dimensione territoriale a quella informazionale. Seed propone una riflessione sulle implicazioni progettuali ed etiche di questa trasformazione, affrontando temi come la sovranit\u00e0 dei dati, l&rsquo;infocrazia, l&rsquo;urbanistica predittiva, il capitalismo della sorveglianza, l&rsquo;etica degli algoritmi e il ruolo imprescindibile dell&rsquo;essere umano nei processi decisionali. Un&rsquo;indagine che evidenzia come il progetto sia chiamato a confrontarsi non solo con gli spazi fisici, ma anche con le nuove infrastrutture digitali che regolano il funzionamento delle citt\u00e0 e delle democrazie contemporanee.<\/p>\n\n\n\n<p class=\"wp-block-paragraph\"><\/p>\n\n\t\t\t\t<\/div>\r\n\t\t\t<\/section>\r\n\t\t\n\n\t\t\t<section class=\"main-column row-padding\">\r\n\t\t\t\t<div class=\"panel center columns-10 none\">\r\n\t\t\t\t\t\n\t\t\t\t\t\t\t\t\t\t\t<div class=\"custom-gallery\" data-fade=\"\" data-ratio=\"\">\r\n\t\t\t\t\t<div class=\"carousel-container\">\r\n\t\t\t\t\t\t<div class=\"owl-carousel\">\r\n\t\t\t\t\t\t\t\t\t\t\t\t\t\t\t\t\t\t\t\t\t\t\t<div class=\"item\" data-text=\"Seed. Design actions for the future\">\r\n\t\t\t\t\t\t\t\t\t\t\t\t\t\t\t\t\t\t<div class=\"image has-cover -bkg\">\r\n\t\t\t\t\t\t\t\t\t\t<img decoding=\"async\" class=\"cover\" title=\"Seed 25 Umanita 19\" alt=\"Seed. Design actions for the future\" src=\"https:\/\/www.listonegiordano.com\/wp-content\/uploads\/2026\/07\/seed-25-umanita-19.jpg\" srcset=\"https:\/\/www.listonegiordano.com\/wp-content\/uploads\/2026\/07\/seed-25-umanita-19-300x169.jpg 300w, https:\/\/www.listonegiordano.com\/wp-content\/uploads\/2026\/07\/seed-25-umanita-19-1024x576.jpg 1024w, https:\/\/www.listonegiordano.com\/wp-content\/uploads\/2026\/07\/seed-25-umanita-19-768x432.jpg 768w, https:\/\/www.listonegiordano.com\/wp-content\/uploads\/2026\/07\/seed-25-umanita-19-1536x864.jpg 1536w, https:\/\/www.listonegiordano.com\/wp-content\/uploads\/2026\/07\/seed-25-umanita-19.jpg 1920w\">\r\n\t\t\t\t\t\t\t\t\t<\/div>\r\n\t\t\t\t\t\t\t\t<\/div>\r\n\t\t\t\t\t\t\t\t\t\t\t\t\t\t\t\t\t\t\t\t\t\t\t<div class=\"item\" data-text=\"Seed. Design actions for the future\">\r\n\t\t\t\t\t\t\t\t\t\t\t\t\t\t\t\t\t\t<div class=\"image has-cover -bkg\">\r\n\t\t\t\t\t\t\t\t\t\t<img decoding=\"async\" class=\"cover\" title=\"Seed 25 Umanita 15\" alt=\"Seed. Design actions for the future\" src=\"https:\/\/www.listonegiordano.com\/wp-content\/uploads\/2026\/07\/seed-25-umanita-15-1.jpg\" srcset=\"https:\/\/www.listonegiordano.com\/wp-content\/uploads\/2026\/07\/seed-25-umanita-15-1-300x169.jpg 300w, https:\/\/www.listonegiordano.com\/wp-content\/uploads\/2026\/07\/seed-25-umanita-15-1-1024x576.jpg 1024w, https:\/\/www.listonegiordano.com\/wp-content\/uploads\/2026\/07\/seed-25-umanita-15-1-768x432.jpg 768w, https:\/\/www.listonegiordano.com\/wp-content\/uploads\/2026\/07\/seed-25-umanita-15-1-1536x864.jpg 1536w, https:\/\/www.listonegiordano.com\/wp-content\/uploads\/2026\/07\/seed-25-umanita-15-1.jpg 1920w\">\r\n\t\t\t\t\t\t\t\t\t<\/div>\r\n\t\t\t\t\t\t\t\t<\/div>\r\n\t\t\t\t\t\t\t\t\t\t\t\t\t\t\t\t\t\t\t\t\t\t\t<div class=\"item\" data-text=\"Seed. Design actions for the future\">\r\n\t\t\t\t\t\t\t\t\t\t\t\t\t\t\t\t\t\t<div class=\"image has-cover -bkg\">\r\n\t\t\t\t\t\t\t\t\t\t<img decoding=\"async\" class=\"cover\" title=\"Seed 25 Umanita 17\" alt=\"Seed. Design actions for the future\" src=\"https:\/\/www.listonegiordano.com\/wp-content\/uploads\/2026\/07\/seed-25-umanita-17-1.jpg\" srcset=\"https:\/\/www.listonegiordano.com\/wp-content\/uploads\/2026\/07\/seed-25-umanita-17-1-300x169.jpg 300w, https:\/\/www.listonegiordano.com\/wp-content\/uploads\/2026\/07\/seed-25-umanita-17-1-1024x576.jpg 1024w, https:\/\/www.listonegiordano.com\/wp-content\/uploads\/2026\/07\/seed-25-umanita-17-1-768x432.jpg 768w, https:\/\/www.listonegiordano.com\/wp-content\/uploads\/2026\/07\/seed-25-umanita-17-1-1536x864.jpg 1536w, https:\/\/www.listonegiordano.com\/wp-content\/uploads\/2026\/07\/seed-25-umanita-17-1.jpg 1920w\">\r\n\t\t\t\t\t\t\t\t\t<\/div>\r\n\t\t\t\t\t\t\t\t<\/div>\r\n\t\t\t\t\t\t\t\t\t\t\t\t\t\t\t\t\t\t\t\t\t\t\t<div class=\"item\" data-text=\"Seed. Design actions for the future\">\r\n\t\t\t\t\t\t\t\t\t\t\t\t\t\t\t\t\t\t<div class=\"image has-cover -bkg\">\r\n\t\t\t\t\t\t\t\t\t\t<img decoding=\"async\" class=\"cover\" title=\"Seed 25 Umanita 03\" alt=\"Seed. Design actions for the future\" src=\"https:\/\/www.listonegiordano.com\/wp-content\/uploads\/2026\/07\/seed-25-umanita-03-1.jpg\" srcset=\"https:\/\/www.listonegiordano.com\/wp-content\/uploads\/2026\/07\/seed-25-umanita-03-1-300x169.jpg 300w, https:\/\/www.listonegiordano.com\/wp-content\/uploads\/2026\/07\/seed-25-umanita-03-1-1024x576.jpg 1024w, https:\/\/www.listonegiordano.com\/wp-content\/uploads\/2026\/07\/seed-25-umanita-03-1-768x432.jpg 768w, https:\/\/www.listonegiordano.com\/wp-content\/uploads\/2026\/07\/seed-25-umanita-03-1-1536x864.jpg 1536w, https:\/\/www.listonegiordano.com\/wp-content\/uploads\/2026\/07\/seed-25-umanita-03-1.jpg 1920w\">\r\n\t\t\t\t\t\t\t\t\t<\/div>\r\n\t\t\t\t\t\t\t\t<\/div>\r\n\t\t\t\t\t\t\t\t\t\t\t\t\t<\/div>\r\n\t\t\t\t\t<\/div>\r\n\t\t\t\t\t<div class=\"text small-font\">\r\n\t\t\t\t\t\t<div class=\"inner col-padding\">Seed. Design actions for the future<\/div>\r\n\t\t\t\t\t<\/div>\r\n\t\t\t\t<\/div>\r\n\t\t\t\t\t\n\n\n<figure class=\"wp-block-image size-large\"><img decoding=\"async\" src=\"https:\/\/www.listonegiordanoarena.com\/wp-content\/uploads\/2026\/07\/seed-san-francesco-al-prato-1024x576.webp\" alt=\"\" class=\"wp-image-16864\"\/><figcaption class=\"wp-element-caption\">Seed Festival | Auditorium San Francesco al Prato &#8211; Perugia<\/figcaption><\/figure>\n\n\t\t\t\t<\/div>\r\n\t\t\t<\/section>\r\n\t\t\n\n\t\t\t<section class=\"main-column row-padding\">\r\n\t\t\t\t<div class=\"panel center columns-8 none\">\r\n\t\t\t\t\t\n\n<h2 id=\"h-les-intervenants\" class=\"qzr-add-controls-alt_title wp-block-heading\"><br>Les intervenants<\/h2>\n\n\n\n<div style=\"height:45px\" aria-hidden=\"true\" class=\"wp-block-spacer\"><\/div>\n\n\n\n<p class=\"wp-block-paragraph\">Pour interpr\u00e9ter ces th\u00e8mes, le programme r\u00e9unit certaines des voix internationales les plus reconnues dans les domaines de l\u2019architecture, du design, de la philosophie, de la g\u00e9opolitique et de la recherche scientifique.<br><br>Parmi les invit\u00e9s d\u00e9j\u00e0 annonc\u00e9s figurent l\u2019architecte <strong>Anupama Kundoo<\/strong>, connue pour ses recherches sur les mat\u00e9riaux, l\u2019autoconstruction et l\u2019architecture durable ; <strong>Belinda Tato<\/strong>, professeure \u00e0 la Harvard Graduate School of Design et cofondatrice d\u2019Ecosistema Urbano ; <strong>S\u00f8ren Pihlmann<\/strong>, figure de la nouvelle sc\u00e8ne danoise et promoteur d\u2019une approche radicale du r\u00e9emploi des mat\u00e9riaux ; la designer et chercheuse <strong>Annalisa Dominoni<\/strong>, l\u2019une des principales r\u00e9f\u00e9rences internationales du Design for Outer Space ; le sociologue <strong>Mauro Magatti<\/strong>, l\u2019analyste g\u00e9opolitique <strong>Alessandro Aresu<\/strong>, le journaliste <strong>Luca De Biase<\/strong> et la philosophe des sciences <strong>Luisa Damiano<\/strong>, l\u2019une des plus grandes expertes en robotique sociale.<br><br>Parall\u00e8lement aux conf\u00e9rences, Seed continue d\u2019exp\u00e9rimenter des langages capables de tisser des liens entre projet, art et performance. Parmi les rendez-vous les plus attendus figurent <strong>Build Un-build<\/strong>, la nouvelle installation participative de <strong>Raffaele Salvoldi<\/strong>, d\u00e9velopp\u00e9e avec Listone Giordano, qui invite \u00e0 r\u00e9fl\u00e9chir \u00e0 l\u2019acte de construire et de d\u00e9construire comme geste collectif ; <strong>Earthphonia<\/strong>, le projet sonore de <strong>Max Casacci<\/strong>, r\u00e9alis\u00e9 exclusivement \u00e0 partir des sons de la nature ; et le spectacle th\u00e9\u00e2tral <strong>La femme de la bombe atomique<\/strong> de <strong>Gabriella Greison<\/strong>, consacr\u00e9 \u00e0 la physicienne Leona Woods et aux implications \u00e9thiques de la recherche scientifique.<br><br>Le patrimoine culturel occupera \u00e9galement une place centrale gr\u00e2ce \u00e0 la section <strong>Seed-Arte<\/strong>, qui s\u2019inscrit en 2026 dans les c\u00e9l\u00e9brations du huiti\u00e8me centenaire de la mort de saint Fran\u00e7ois d\u2019Assise. Parmi les projets au programme figure la pr\u00e9sentation du <strong>jumeau num\u00e9rique<\/strong> de l\u2019\u00e9glise San Francesco al Prato, d\u00e9velopp\u00e9 par la Fondazione Guglielmo Giordano comme outil de recherche, de conservation et d\u2019accessibilit\u00e9 du patrimoine historique et artistique. Ce dispositif permet de restituer virtuellement des \u0153uvres aujourd\u2019hui perdues ou dispers\u00e9es et ouvre de nouvelles perspectives pour la valorisation du patrimoine culturel gr\u00e2ce aux technologies num\u00e9riques.<br><br><strong>Avec cette nouvelle \u00e9dition, Seed confirme sa vocation d\u2019observatoire privil\u00e9gi\u00e9 des transformations de l\u2019architecture et du design contemporains, en proposant une r\u00e9flexion qui d\u00e9passe les fronti\u00e8res disciplinaires pour interroger la signification m\u00eame du projet \u00e0 une \u00e9poque o\u00f9 \u00e9voluent simultan\u00e9ment la notion d\u2019humanit\u00e9, les formes de l\u2019habitat et les relations entre technologie, nature et soci\u00e9t\u00e9.<\/strong><\/p>\n\n\n\n<p class=\"wp-block-paragraph\"><\/p>\n\n\t\t\t\t<\/div>\r\n\t\t\t<\/section>\r\n\t\t\n\n\t\t\t<section class=\"main-column row-padding\">\r\n\t\t\t\t<div class=\"panel center columns-12 none\">\r\n\t\t\t\t\t\n\n<div class=\"wp-block-buttons is-content-justification-center is-layout-flex wp-container-core-buttons-is-layout-fe48e5de wp-block-buttons-is-layout-flex\"><div class=\"wp-block-button \"><a style=\"\" class=\"wp-block-button__link\" href=\"https:\/\/seed360.org\/en\/\" target=\"_blank\" rel=\"noopener\">D\u00c9COUVREZ LE FESTIVAL SEED<\/a><\/div><\/div>\n\n\t\t\t\t<\/div>\r\n\t\t\t<\/section>\r\n\t\t\n\n\t\t\t<section class=\"main-column row-padding\">\r\n\t\t\t\t<div class=\"panel center columns-10 none\">\r\n\t\t\t\t\t\n\n<figure class=\"wp-block-embed is-type-video is-provider-vimeo wp-block-embed-vimeo wp-embed-aspect-16-9 wp-has-aspect-ratio\"><div class=\"wp-block-embed__wrapper\">\n<iframe loading=\"lazy\" title=\"Michele De Lucchi - SEED 2025-2026\" src=\"https:\/\/player.vimeo.com\/video\/1130152366?h=cf82cef4f2&amp;dnt=1&amp;app_id=122963\" width=\"640\" height=\"360\" frameborder=\"0\" allow=\"autoplay; fullscreen; picture-in-picture; clipboard-write; encrypted-media; web-share\" referrerpolicy=\"strict-origin-when-cross-origin\"><\/iframe>\n<\/div><\/figure>\n\n\t\t\t\t<\/div>\r\n\t\t\t<\/section>\r\n\t\t\n\n\t\t\t<section class=\"main-column row-padding\">\r\n\t\t\t\t<div class=\"panel center columns-12 none\">\r\n\t\t\t\t\t\n\t\t\t\t\t\t<div class=\"related-projects double-row-padding\">\r\n\t\t\t\t<h3 class=\"medium-font row-padding align-center regular\">\r\n\t\t\t\t\t\t\t\t\t\t\tID\u00c9ES POUR VOTRE INT\u00c9RIEUR\t\t\t\t\t\t\t\t\t<\/h3>\r\n\t\t\t\t\r\n\t\t\t\t<div class=\"flex\">\r\n\t\t\t\t\t\t\t\t\t\t\t<a class=\"project columns-3 col-padding ajax-link\" href=\"https:\/\/www.listonegiordano.com\/casa-decor-2026\/\">\r\n\t\t\t\t\t\t\t<div class=\"image\">\r\n\t\t\t\t\t\t\t\t\t\t\t\t\t\t\t\t\t\t\t\t\t<img decoding=\"async\" class=\"cover\" title=\"Casa Decor 2026\" alt=\"\" src=\"https:\/\/www.listonegiordano.com\/wp-content\/uploads\/2026\/04\/Casa-Decor_2026-1.png\" srcset=\"https:\/\/www.listonegiordano.com\/wp-content\/uploads\/2026\/04\/Casa-Decor_2026-1-300x198.png 300w, https:\/\/www.listonegiordano.com\/wp-content\/uploads\/2026\/04\/Casa-Decor_2026-1-1024x676.png 1024w, https:\/\/www.listonegiordano.com\/wp-content\/uploads\/2026\/04\/Casa-Decor_2026-1-768x507.png 768w, https:\/\/www.listonegiordano.com\/wp-content\/uploads\/2026\/04\/Casa-Decor_2026-1.png 1417w\">\r\n\t\t\t\t\t\t\t\t\t\t\t\t\t\t\t\t\t\t<\/div>\r\n\t\t\t\t\t\t\t<h4 class=\"title corporate lowercase normal-medium-font\">Casa Decor 2026<\/h4>\r\n\t\t\t\t\t\t<\/a>\r\n\t\t\t\t\t\t\t\t\t\t\t<a class=\"project columns-3 col-padding ajax-link\" href=\"https:\/\/www.listonegiordano.com\/fr\/milan-design-week-2026\/\">\r\n\t\t\t\t\t\t\t<div class=\"image\">\r\n\t\t\t\t\t\t\t\t\t\t\t\t\t\t\t\t\t\t\t\t\t<img decoding=\"async\" class=\"cover\" title=\"Testata Web Neutra\" alt=\"\" src=\"https:\/\/www.listonegiordano.com\/wp-content\/uploads\/2026\/03\/testata_web_neutra.jpg\" srcset=\"https:\/\/www.listonegiordano.com\/wp-content\/uploads\/2026\/03\/testata_web_neutra-300x169.jpg 300w, https:\/\/www.listonegiordano.com\/wp-content\/uploads\/2026\/03\/testata_web_neutra-1024x576.jpg 1024w, https:\/\/www.listonegiordano.com\/wp-content\/uploads\/2026\/03\/testata_web_neutra-768x432.jpg 768w, https:\/\/www.listonegiordano.com\/wp-content\/uploads\/2026\/03\/testata_web_neutra-1536x864.jpg 1536w, https:\/\/www.listonegiordano.com\/wp-content\/uploads\/2026\/03\/testata_web_neutra.jpg 1920w\">\r\n\t\t\t\t\t\t\t\t\t\t\t\t\t\t\t\t\t\t<\/div>\r\n\t\t\t\t\t\t\t<h4 class=\"title corporate lowercase normal-medium-font\">Milan Design Week 2026<\/h4>\r\n\t\t\t\t\t\t<\/a>\r\n\t\t\t\t\t\t\t\t\t\t\t<a class=\"project columns-3 col-padding ajax-link\" href=\"https:\/\/www.listonegiordano.com\/premio-in-architettura-2026\/\">\r\n\t\t\t\t\t\t\t<div class=\"image\">\r\n\t\t\t\t\t\t\t\t\t\t\t\t\t\t\t\t\t\t\t\t\t<img decoding=\"async\" class=\"cover\" title=\"INH 26 NEWS WEBSITE 880&#215;600 2026 02 23 Ok\" alt=\"\" src=\"https:\/\/www.listonegiordano.com\/wp-content\/uploads\/2026\/03\/INH-26-NEWS-WEBSITE-880x600-2026-02-23_ok.png\" srcset=\"https:\/\/www.listonegiordano.com\/wp-content\/uploads\/2026\/03\/INH-26-NEWS-WEBSITE-880x600-2026-02-23_ok-300x205.png 300w, https:\/\/www.listonegiordano.com\/wp-content\/uploads\/2026\/03\/INH-26-NEWS-WEBSITE-880x600-2026-02-23_ok-768x524.png 768w, https:\/\/www.listonegiordano.com\/wp-content\/uploads\/2026\/03\/INH-26-NEWS-WEBSITE-880x600-2026-02-23_ok.png 880w\">\r\n\t\t\t\t\t\t\t\t\t\t\t\t\t\t\t\t\t\t<\/div>\r\n\t\t\t\t\t\t\t<h4 class=\"title corporate lowercase normal-medium-font\">Premio IN\/ARCHITETTURA 2026<\/h4>\r\n\t\t\t\t\t\t<\/a>\r\n\t\t\t\t\t\t\t\t\t\t\t<a class=\"project columns-3 col-padding ajax-link\" href=\"https:\/\/www.listonegiordano.com\/amede-schiattarella-amsterdam-speech\/\">\r\n\t\t\t\t\t\t\t<div class=\"image\">\r\n\t\t\t\t\t\t\t\t\t\t\t\t\t\t\t\t\t\t\t\t\t<img decoding=\"async\" class=\"cover\" title=\"Amedeo Schiattarella\" alt=\"\" src=\"https:\/\/www.listonegiordano.com\/wp-content\/uploads\/2026\/02\/Amedeo-Schiattarella.jpg\" srcset=\"https:\/\/www.listonegiordano.com\/wp-content\/uploads\/2026\/02\/Amedeo-Schiattarella-300x258.jpg 300w, https:\/\/www.listonegiordano.com\/wp-content\/uploads\/2026\/02\/Amedeo-Schiattarella-1024x881.jpg 1024w, https:\/\/www.listonegiordano.com\/wp-content\/uploads\/2026\/02\/Amedeo-Schiattarella-768x661.jpg 768w, https:\/\/www.listonegiordano.com\/wp-content\/uploads\/2026\/02\/Amedeo-Schiattarella.jpg 1280w\">\r\n\t\t\t\t\t\t\t\t\t\t\t\t\t\t\t\t\t\t<\/div>\r\n\t\t\t\t\t\t\t<h4 class=\"title corporate lowercase normal-medium-font\">Amedeo Schiattarella, Architecture is never neutral<\/h4>\r\n\t\t\t\t\t\t<\/a>\r\n\t\t\t\t\t\t\t\t\t<\/div>\r\n\t\t\t<\/div>\r\n\t\t\t\t\t\n\t\t\t\t<\/div>\r\n\t\t\t<\/section>\r\n\t\t","protected":false},"excerpt":{"rendered":"","protected":false},"author":74,"featured_media":58492,"comment_status":"closed","ping_status":"closed","sticky":false,"template":"","format":"standard","meta":{"area":"","groups":"","preview":"","columns":"","rows":"","date":"","product-meta-description":"","customer-name":"","customer-email":"","legal-terms":"%5B%5D","thankyou-text":"","qzr_location":"","qzr_product":"","qzr_collection":"","qzr_designer":"","qzr_year":"","qzr_partner":"","footnotes":""},"categories":[2573],"tags":[],"class_list":["post-59217","post","type-post","status-publish","format-standard","has-post-thumbnail","hentry","category-non-classifiee"],"yoast_head":"<!-- This site is optimized with the Yoast SEO Premium plugin v28.0 (Yoast SEO v28.4) - https:\/\/yoast.com\/product\/yoast-seo-premium-wordpress\/ -->\n<title>Seed Festival 2026 | Listone Giordano<\/title>\n<meta name=\"robots\" content=\"index, follow, max-snippet:-1, max-image-preview:large, max-video-preview:-1\" \/>\n<link rel=\"canonical\" href=\"https:\/\/www.listonegiordano.com\/fr\/wp-json\/wp\/v2\/posts\/59217\/\" \/>\n<meta property=\"og:locale\" content=\"fr_FR\" \/>\n<meta property=\"og:type\" content=\"article\" \/>\n<meta property=\"og:title\" content=\"Seed Festival 2026\" \/>\n<meta property=\"og:url\" content=\"https:\/\/www.listonegiordano.com\/fr\/seed-festival-2026\/\" \/>\n<meta property=\"og:site_name\" content=\"Listone Giordano\" \/>\n<meta property=\"article:publisher\" content=\"https:\/\/www.facebook.com\/listonegiordanoitalia\/\" \/>\n<meta property=\"article:published_time\" content=\"2026-08-12T12:05:30+00:00\" \/>\n<meta property=\"article:modified_time\" content=\"2026-08-20T07:47:58+00:00\" \/>\n<meta property=\"og:image\" content=\"https:\/\/www.listonegiordano.com\/wp-content\/uploads\/2026\/07\/seed-festival-umanity-03.jpg\" \/>\n\t<meta property=\"og:image:width\" content=\"1920\" \/>\n\t<meta property=\"og:image:height\" content=\"1080\" \/>\n\t<meta property=\"og:image:type\" content=\"image\/jpeg\" \/>\n<meta name=\"author\" content=\"Marta Brunelli\" \/>\n<meta name=\"twitter:card\" content=\"summary_large_image\" \/>\n<meta name=\"twitter:label1\" content=\"\u00c9crit par\" \/>\n\t<meta name=\"twitter:data1\" content=\"Marta Brunelli\" \/>\n\t<meta name=\"twitter:label2\" content=\"Dur\u00e9e de lecture estim\u00e9e\" \/>\n\t<meta name=\"twitter:data2\" content=\"6 minutes\" \/>\n<script type=\"application\/ld+json\" class=\"yoast-schema-graph\">{\"@context\":\"https:\\\/\\\/schema.org\",\"@graph\":[{\"@type\":\"Article\",\"@id\":\"https:\\\/\\\/www.listonegiordano.com\\\/fr\\\/seed-festival-2026\\\/#article\",\"isPartOf\":{\"@id\":\"https:\\\/\\\/www.listonegiordano.com\\\/fr\\\/seed-festival-2026\\\/\"},\"author\":{\"name\":\"Marta Brunelli\",\"@id\":\"https:\\\/\\\/www.listonegiordano.com\\\/fr\\\/#\\\/schema\\\/person\\\/cdff7c377ea01c8053ebfc1cf10e66f5\"},\"headline\":\"Seed Festival 2026\",\"datePublished\":\"2026-08-12T12:05:30+00:00\",\"dateModified\":\"2026-08-20T07:47:58+00:00\",\"mainEntityOfPage\":{\"@id\":\"https:\\\/\\\/www.listonegiordano.com\\\/fr\\\/seed-festival-2026\\\/\"},\"wordCount\":1116,\"publisher\":{\"@id\":\"https:\\\/\\\/www.listonegiordano.com\\\/fr\\\/#organization\"},\"image\":{\"@id\":\"https:\\\/\\\/www.listonegiordano.com\\\/fr\\\/seed-festival-2026\\\/#primaryimage\"},\"thumbnailUrl\":\"https:\\\/\\\/www.listonegiordano.com\\\/wp-content\\\/uploads\\\/2026\\\/07\\\/seed-festival-umanity-03.jpg\",\"articleSection\":[\"Non classifi\u00e9(e)\"],\"inLanguage\":\"fr-FR\"},{\"@type\":\"WebPage\",\"@id\":\"https:\\\/\\\/www.listonegiordano.com\\\/fr\\\/seed-festival-2026\\\/\",\"url\":\"https:\\\/\\\/www.listonegiordano.com\\\/fr\\\/seed-festival-2026\\\/\",\"name\":\"Seed Festival 2026 | Listone Giordano\",\"isPartOf\":{\"@id\":\"https:\\\/\\\/www.listonegiordano.com\\\/fr\\\/#website\"},\"primaryImageOfPage\":{\"@id\":\"https:\\\/\\\/www.listonegiordano.com\\\/fr\\\/seed-festival-2026\\\/#primaryimage\"},\"image\":{\"@id\":\"https:\\\/\\\/www.listonegiordano.com\\\/fr\\\/seed-festival-2026\\\/#primaryimage\"},\"thumbnailUrl\":\"https:\\\/\\\/www.listonegiordano.com\\\/wp-content\\\/uploads\\\/2026\\\/07\\\/seed-festival-umanity-03.jpg\",\"datePublished\":\"2026-08-12T12:05:30+00:00\",\"dateModified\":\"2026-08-20T07:47:58+00:00\",\"breadcrumb\":{\"@id\":\"https:\\\/\\\/www.listonegiordano.com\\\/fr\\\/seed-festival-2026\\\/#breadcrumb\"},\"inLanguage\":\"fr-FR\",\"potentialAction\":[{\"@type\":\"ReadAction\",\"target\":[\"https:\\\/\\\/www.listonegiordano.com\\\/fr\\\/seed-festival-2026\\\/\"]}]},{\"@type\":\"ImageObject\",\"inLanguage\":\"fr-FR\",\"@id\":\"https:\\\/\\\/www.listonegiordano.com\\\/fr\\\/seed-festival-2026\\\/#primaryimage\",\"url\":\"https:\\\/\\\/www.listonegiordano.com\\\/wp-content\\\/uploads\\\/2026\\\/07\\\/seed-festival-umanity-03.jpg\",\"contentUrl\":\"https:\\\/\\\/www.listonegiordano.com\\\/wp-content\\\/uploads\\\/2026\\\/07\\\/seed-festival-umanity-03.jpg\",\"width\":1920,\"height\":1080},{\"@type\":\"BreadcrumbList\",\"@id\":\"https:\\\/\\\/www.listonegiordano.com\\\/fr\\\/seed-festival-2026\\\/#breadcrumb\",\"itemListElement\":[{\"@type\":\"ListItem\",\"position\":1,\"name\":\"Home\",\"item\":\"https:\\\/\\\/www.listonegiordano.com\\\/fr\\\/\"},{\"@type\":\"ListItem\",\"position\":2,\"name\":\"News\",\"item\":\"https:\\\/\\\/www.listonegiordano.com\\\/.\\\/news\\\/\"},{\"@type\":\"ListItem\",\"position\":3,\"name\":\"Seed Festival 2026\"}]},{\"@type\":\"WebSite\",\"@id\":\"https:\\\/\\\/www.listonegiordano.com\\\/fr\\\/#website\",\"url\":\"https:\\\/\\\/www.listonegiordano.com\\\/fr\\\/\",\"name\":\"Listone Giordano\",\"description\":\"Listone Giordano \u00e8 sinonimo di eccellenza nella realizzazione di pavimenti in legno e parquet di pregio. Pavimento parquet in legno Listone.\",\"publisher\":{\"@id\":\"https:\\\/\\\/www.listonegiordano.com\\\/fr\\\/#organization\"},\"potentialAction\":[{\"@type\":\"SearchAction\",\"target\":{\"@type\":\"EntryPoint\",\"urlTemplate\":\"https:\\\/\\\/www.listonegiordano.com\\\/fr\\\/?s={search_term_string}\"},\"query-input\":{\"@type\":\"PropertyValueSpecification\",\"valueRequired\":true,\"valueName\":\"search_term_string\"}}],\"inLanguage\":\"fr-FR\"},{\"@type\":\"Organization\",\"@id\":\"https:\\\/\\\/www.listonegiordano.com\\\/fr\\\/#organization\",\"name\":\"Listone Giordano\",\"url\":\"https:\\\/\\\/www.listonegiordano.com\\\/fr\\\/\",\"logo\":{\"@type\":\"ImageObject\",\"inLanguage\":\"fr-FR\",\"@id\":\"https:\\\/\\\/www.listonegiordano.com\\\/fr\\\/#\\\/schema\\\/logo\\\/image\\\/\",\"url\":\"https:\\\/\\\/www.listonegiordano.com\\\/wp-content\\\/uploads\\\/2020\\\/06\\\/listone-giordano-favicon.png\",\"contentUrl\":\"https:\\\/\\\/www.listonegiordano.com\\\/wp-content\\\/uploads\\\/2020\\\/06\\\/listone-giordano-favicon.png\",\"width\":512,\"height\":512,\"caption\":\"Listone Giordano\"},\"image\":{\"@id\":\"https:\\\/\\\/www.listonegiordano.com\\\/fr\\\/#\\\/schema\\\/logo\\\/image\\\/\"},\"sameAs\":[\"https:\\\/\\\/www.facebook.com\\\/listonegiordanoitalia\\\/\",\"https:\\\/\\\/www.instagram.com\\\/listonegiordano\\\/\",\"https:\\\/\\\/www.linkedin.com\\\/company\\\/listone-giordano\\\/\",\"https:\\\/\\\/www.pinterest.it\\\/listoneg\",\"https:\\\/\\\/www.youtube.com\\\/user\\\/ListoneGiordano01\",\"https:\\\/\\\/it.wikipedia.org\\\/wiki\\\/Listone_Giordano\"]},{\"@type\":\"Person\",\"@id\":\"https:\\\/\\\/www.listonegiordano.com\\\/fr\\\/#\\\/schema\\\/person\\\/cdff7c377ea01c8053ebfc1cf10e66f5\",\"name\":\"Marta Brunelli\"}]}<\/script>\n<!-- \/ Yoast SEO Premium plugin. -->","yoast_head_json":{"title":"Seed Festival 2026 | Listone Giordano","robots":{"index":"index","follow":"follow","max-snippet":"max-snippet:-1","max-image-preview":"max-image-preview:large","max-video-preview":"max-video-preview:-1"},"canonical":"https:\/\/www.listonegiordano.com\/fr\/wp-json\/wp\/v2\/posts\/59217\/","og_locale":"fr_FR","og_type":"article","og_title":"Seed Festival 2026","og_url":"https:\/\/www.listonegiordano.com\/fr\/seed-festival-2026\/","og_site_name":"Listone Giordano","article_publisher":"https:\/\/www.facebook.com\/listonegiordanoitalia\/","article_published_time":"2026-08-12T12:05:30+00:00","article_modified_time":"2026-08-20T07:47:58+00:00","og_image":[{"width":1920,"height":1080,"url":"https:\/\/www.listonegiordano.com\/wp-content\/uploads\/2026\/07\/seed-festival-umanity-03.jpg","type":"image\/jpeg"}],"author":"Marta Brunelli","twitter_card":"summary_large_image","twitter_misc":{"\u00c9crit par":"Marta Brunelli","Dur\u00e9e de lecture estim\u00e9e":"6 minutes"},"schema":{"@context":"https:\/\/schema.org","@graph":[{"@type":"Article","@id":"https:\/\/www.listonegiordano.com\/fr\/seed-festival-2026\/#article","isPartOf":{"@id":"https:\/\/www.listonegiordano.com\/fr\/seed-festival-2026\/"},"author":{"name":"Marta Brunelli","@id":"https:\/\/www.listonegiordano.com\/fr\/#\/schema\/person\/cdff7c377ea01c8053ebfc1cf10e66f5"},"headline":"Seed Festival 2026","datePublished":"2026-08-12T12:05:30+00:00","dateModified":"2026-08-20T07:47:58+00:00","mainEntityOfPage":{"@id":"https:\/\/www.listonegiordano.com\/fr\/seed-festival-2026\/"},"wordCount":1116,"publisher":{"@id":"https:\/\/www.listonegiordano.com\/fr\/#organization"},"image":{"@id":"https:\/\/www.listonegiordano.com\/fr\/seed-festival-2026\/#primaryimage"},"thumbnailUrl":"https:\/\/www.listonegiordano.com\/wp-content\/uploads\/2026\/07\/seed-festival-umanity-03.jpg","articleSection":["Non classifi\u00e9(e)"],"inLanguage":"fr-FR"},{"@type":"WebPage","@id":"https:\/\/www.listonegiordano.com\/fr\/seed-festival-2026\/","url":"https:\/\/www.listonegiordano.com\/fr\/seed-festival-2026\/","name":"Seed Festival 2026 | Listone Giordano","isPartOf":{"@id":"https:\/\/www.listonegiordano.com\/fr\/#website"},"primaryImageOfPage":{"@id":"https:\/\/www.listonegiordano.com\/fr\/seed-festival-2026\/#primaryimage"},"image":{"@id":"https:\/\/www.listonegiordano.com\/fr\/seed-festival-2026\/#primaryimage"},"thumbnailUrl":"https:\/\/www.listonegiordano.com\/wp-content\/uploads\/2026\/07\/seed-festival-umanity-03.jpg","datePublished":"2026-08-12T12:05:30+00:00","dateModified":"2026-08-20T07:47:58+00:00","breadcrumb":{"@id":"https:\/\/www.listonegiordano.com\/fr\/seed-festival-2026\/#breadcrumb"},"inLanguage":"fr-FR","potentialAction":[{"@type":"ReadAction","target":["https:\/\/www.listonegiordano.com\/fr\/seed-festival-2026\/"]}]},{"@type":"ImageObject","inLanguage":"fr-FR","@id":"https:\/\/www.listonegiordano.com\/fr\/seed-festival-2026\/#primaryimage","url":"https:\/\/www.listonegiordano.com\/wp-content\/uploads\/2026\/07\/seed-festival-umanity-03.jpg","contentUrl":"https:\/\/www.listonegiordano.com\/wp-content\/uploads\/2026\/07\/seed-festival-umanity-03.jpg","width":1920,"height":1080},{"@type":"BreadcrumbList","@id":"https:\/\/www.listonegiordano.com\/fr\/seed-festival-2026\/#breadcrumb","itemListElement":[{"@type":"ListItem","position":1,"name":"Home","item":"https:\/\/www.listonegiordano.com\/fr\/"},{"@type":"ListItem","position":2,"name":"News","item":"https:\/\/www.listonegiordano.com\/.\/news\/"},{"@type":"ListItem","position":3,"name":"Seed Festival 2026"}]},{"@type":"WebSite","@id":"https:\/\/www.listonegiordano.com\/fr\/#website","url":"https:\/\/www.listonegiordano.com\/fr\/","name":"Listone Giordano","description":"Listone Giordano \u00e8 sinonimo di eccellenza nella realizzazione di pavimenti in legno e parquet di pregio. Pavimento parquet in legno Listone.","publisher":{"@id":"https:\/\/www.listonegiordano.com\/fr\/#organization"},"potentialAction":[{"@type":"SearchAction","target":{"@type":"EntryPoint","urlTemplate":"https:\/\/www.listonegiordano.com\/fr\/?s={search_term_string}"},"query-input":{"@type":"PropertyValueSpecification","valueRequired":true,"valueName":"search_term_string"}}],"inLanguage":"fr-FR"},{"@type":"Organization","@id":"https:\/\/www.listonegiordano.com\/fr\/#organization","name":"Listone Giordano","url":"https:\/\/www.listonegiordano.com\/fr\/","logo":{"@type":"ImageObject","inLanguage":"fr-FR","@id":"https:\/\/www.listonegiordano.com\/fr\/#\/schema\/logo\/image\/","url":"https:\/\/www.listonegiordano.com\/wp-content\/uploads\/2020\/06\/listone-giordano-favicon.png","contentUrl":"https:\/\/www.listonegiordano.com\/wp-content\/uploads\/2020\/06\/listone-giordano-favicon.png","width":512,"height":512,"caption":"Listone Giordano"},"image":{"@id":"https:\/\/www.listonegiordano.com\/fr\/#\/schema\/logo\/image\/"},"sameAs":["https:\/\/www.facebook.com\/listonegiordanoitalia\/","https:\/\/www.instagram.com\/listonegiordano\/","https:\/\/www.linkedin.com\/company\/listone-giordano\/","https:\/\/www.pinterest.it\/listoneg","https:\/\/www.youtube.com\/user\/ListoneGiordano01","https:\/\/it.wikipedia.org\/wiki\/Listone_Giordano"]},{"@type":"Person","@id":"https:\/\/www.listonegiordano.com\/fr\/#\/schema\/person\/cdff7c377ea01c8053ebfc1cf10e66f5","name":"Marta Brunelli"}]}},"_links":{"self":[{"href":"https:\/\/www.listonegiordano.com\/fr\/wp-json\/wp\/v2\/posts\/59217","targetHints":{"allow":["GET"]}}],"collection":[{"href":"https:\/\/www.listonegiordano.com\/fr\/wp-json\/wp\/v2\/posts"}],"about":[{"href":"https:\/\/www.listonegiordano.com\/fr\/wp-json\/wp\/v2\/types\/post"}],"author":[{"embeddable":true,"href":"https:\/\/www.listonegiordano.com\/fr\/wp-json\/wp\/v2\/users\/74"}],"replies":[{"embeddable":true,"href":"https:\/\/www.listonegiordano.com\/fr\/wp-json\/wp\/v2\/comments?post=59217"}],"version-history":[{"count":8,"href":"https:\/\/www.listonegiordano.com\/fr\/wp-json\/wp\/v2\/posts\/59217\/revisions"}],"predecessor-version":[{"id":59444,"href":"https:\/\/www.listonegiordano.com\/fr\/wp-json\/wp\/v2\/posts\/59217\/revisions\/59444"}],"wp:featuredmedia":[{"embeddable":true,"href":"https:\/\/www.listonegiordano.com\/fr\/wp-json\/wp\/v2\/media\/58492"}],"wp:attachment":[{"href":"https:\/\/www.listonegiordano.com\/fr\/wp-json\/wp\/v2\/media?parent=59217"}],"wp:term":[{"taxonomy":"category","embeddable":true,"href":"https:\/\/www.listonegiordano.com\/fr\/wp-json\/wp\/v2\/categories?post=59217"},{"taxonomy":"post_tag","embeddable":true,"href":"https:\/\/www.listonegiordano.com\/fr\/wp-json\/wp\/v2\/tags?post=59217"}],"curies":[{"name":"wp","href":"https:\/\/api.w.org\/{rel}","templated":true}]}}