{"id":10244,"date":"2020-10-20T19:21:07","date_gmt":"2020-10-20T17:21:07","guid":{"rendered":"https:\/\/one.listonegiordano.com\/?p=10244"},"modified":"2020-10-21T13:51:17","modified_gmt":"2020-10-21T11:51:17","slug":"new-bauhaus-revolution","status":"publish","type":"post","link":"https:\/\/www.listonegiordano.com\/one\/architettura\/new-bauhaus-revolution\/","title":{"rendered":"A new Bauhaus revolution"},"content":{"rendered":"\n<h3 class=\"wp-block-heading\" id=\"h-manifesto-anticonvenzionale-per-il-futuro-delle-citt-e-della-societ\"><strong><em>Manifesto anticonvenzionale per il futuro delle citt\u00e0 e della societ\u00e0<\/em><\/strong>. <\/h3>\n\n\n\n<p class=\"wp-block-paragraph\">E\u2019 arrivata l\u2019autorevole voce di Ursula von der Leyen a scardinare le certezze dei tempi confusi che viviamo, e con un guizzo degno di un grande corsivista ha sintetizzato un processo culturale, creativo e politico in una sola parola: <strong>Bauhaus<\/strong>.<\/p>\n\n\n\n<p class=\"wp-block-paragraph\">La mitologica scuola nata a Weimar nel \u201919 ad un secolo di distanza, proietta desideri, sogni, volont\u00e0 di <strong>innovazione nel cuore del progetto delle citt\u00e0 e delle forme di organizzazione sociale del futuro.<\/strong><\/p>\n\n\n\n<p class=\"wp-block-paragraph\">Non ci appare un azzardo concettuale, attraversare uno dei territori metodologici pi\u00f9 profondi della storia dell\u2019architettura, dell\u2019arte e del design del secolo scorso, e la sua fervente attualit\u00e0 rappresenta un punto fermo nell\u2019evoluzione del pensiero multimediale.<\/p>\n\n\n\n<p class=\"wp-block-paragraph\">Ma l\u2019intervento della Presidente UE ha una valenza ancora superiore che rimanda ai principi fondativi dell\u2019Europa e della cultura continentale frutto di una potente realizzazione del laboratorio delle innovazioni, grazie al talento operativo ed organizzativo di <strong>Walter Gropius<\/strong> che innesta nella stanca didattica del tempo il germe spericolato della sperimentazione.<\/p>\n\n\n\n<p class=\"wp-block-paragraph\">Quell\u2019insuperato processo innovativo si pu\u00f2 riprodurre nella coscienza sopita degli spiriti di questa nostra contemporaneit\u00e0 farraginosa e superficiale, una scuola universale che sancisca le istanze condivisibili di un continente stanco e sull\u2019orlo di una perenne crisi di nervi.<\/p>\n\n\n\n<p class=\"wp-block-paragraph\"><strong>LEGGI ANCHE &#8211; <a href=\"https:\/\/www.listonegiordano.com\/one\/architettura\/borgo-italiano-tra-citta-e-campagna\/\">L\u2019offerta antropologica del Borgo Italiano, nel bivio concettuale tra citt\u00e0 e campagna.<\/a><\/strong><\/p>\n\n\n\n<p class=\"wp-block-paragraph\">Ecco l\u2019attualit\u00e0 della <strong><em>new bauhaus<\/em><\/strong>, \u00e8 l\u2019attitudine tutta europea a superare i limiti delle arti e delle scienze, a voler porre l\u2019insolito dentro l\u2019ignoto affinch\u00e9 il certo risulti sempre inadeguato.<\/p>\n\n\n\n<p class=\"wp-block-paragraph\"><strong>Non si tratta di una nuova celebrazione di un Movimento Modernissimo ma della gestione\/visione della Polis pi\u00f9 attenta a nuove forme di estetica e non chiamiamola semplicemente green.<\/strong><\/p>\n\n\n\n<p class=\"wp-block-paragraph\">C\u2019\u00e8 molto di pi\u00f9 in questa necessit\u00e0 filosofica.<\/p>\n\n\n\n<p class=\"wp-block-paragraph\">Critica dell\u2019architettura e dell\u2019urbanistica, una sequenza di principi ordinatori che non possono essere considerati orpelli stilistici ma definisco un processo creativo integrato, dove forma e funzione, spazio pubblico di relazione e ambiti della nuova privacy si compenetrano in un\u2019idea sostanzialmente nuova nel produrre<strong><em>: segni, sogni, disegni<\/em><\/strong>.<\/p>\n\n\n\n<p class=\"wp-block-paragraph\"><strong><em>\u201cBauhaus\u201d<\/em><\/strong> non \u00e8 non pu\u00f2 essere solo uno slogan, ma la capacit\u00e0 di recuperare, elaborandole, le istanze pi\u00f9 alte che siamo stati in grado di scagliare con forza nel mondo della cultura.<\/p>\n\n\n\n<p class=\"wp-block-paragraph\">Le migliori forze intellettuali hanno l\u2019obbligo etico di prendere una posizione chiara, di affidare alla propria ricerca il compito di trasformare in senso ambientale i nostri territori artificiali , <strong>riportando la citt\u00e0, le citt\u00e0 al centro dello sviluppo antropologico in perfetta simbiosi con la natura che le ha generate e spesso mal sopportate.<\/strong><\/p>\n\n\n\n<p class=\"wp-block-paragraph\"><strong>E\u2019 un\u2019attitudine programmatica che supera l\u2019idea del restauro urbano<\/strong>, che incendia una volont\u00e0 di produrre nuovi segni iconoclasti ed eponimi, anticonvenzionali e contestualizzati, una vera sfida teorica e formale per la contemporaneit\u00e0. <\/p>\n\n\n\n<p class=\"wp-block-paragraph\">Il mondo non pu\u00f2 pi\u00f9 aspettare questa necessaria trasformazione e le arti plastiche, come le scienze, devono sostenere nuove forme di sviluppo, nuove potenzialit\u00e0 che la materia artificiale e i materiali naturali possono indicarci, non mai una costrizione ma anzi una intensificazione delle potenzialit\u00e0 espressive.<\/p>\n\n\n\n<p class=\"wp-block-paragraph\"><strong>Una nuova era semplicemente autonoma da condizionamenti delle metodologie esauste degli ultimi due o tre decenni<\/strong>, con una volont\u00e0 di potenza che nasce dalla gentilezza del gesto e dal rispetto di ogni manifestazione ambientale pregressa.<\/p>\n\n\n\n<p class=\"wp-block-paragraph\">Questo impegno riguarda i progettisti ma coinvolge le societ\u00e0 e gli spiriti pi\u00f9 sensibili perch\u00e9 <em>\u201cdisegnare il cambiamento<\/em>\u201d non pu\u00f2 essere un\u2019azione solitaria ed elitaria, da sviluppare nei <em>\u201claboratori del pensiero<\/em>\u201d, ma necessita di un confronto continuo col mondo e con le sue contraddizioni etiche ed estetiche.<\/p>\n\n\n\n<p class=\"wp-block-paragraph\">In questo programma si racchiude l\u2019istanza politica, nel senso pi\u00f9 alto che cerca di leggere le trasformazioni, attraverso la cultura sperimentale della ricerca libera ed appassionata che, eliminate le rincorse stilistiche, muscolari dell\u2019architettura contemporanea ritrova una concretezza programmatica di reale impatto etico.<\/p>\n\n\n\n<p class=\"wp-block-paragraph\">E\u2019 la sintesi perfetta tra la pratica del governo della citt\u00e0 e l\u2019impronta teorica che la comunit\u00e0 del progetto deve indicare, sovrapponendo concetti, tendenze e necessit\u00e0 anche post-pandemiche, che hanno modificato la nostra percezione del mondo naturale ed artificiale e questa dialettica rappresenta il vero Grande Progetto.<\/p>\n\n\n\n<p class=\"wp-block-paragraph\">Proprio in questa fase critica \u00e8 necessario pensare in grande, oltrepassando con slancio le limitazioni che la condizione esistenziale contingente provoca nei singoli e nelle comunit\u00e0, ma \u00e8 per questo che il mondo intellettuale che si esprime attraverso i segni (suoni, parole, disegni etc) ha una grande opportunit\u00e0, quella di tracciare i contorni di questi nuovi scenari e per una volta senza pasticciare <em>tra un &nbsp;passato remoto e un &nbsp;futuro improbabile<\/em>.<\/p>\n\n\n\n<p class=\"wp-block-paragraph\">\u00c8 una sfida culturale immensa perch\u00e9 riporta la condizione del pensatore-progettista, alla sua origine simbolica che, deve costruire momenti di riflessione all\u2019interno dei contesti storici e sociologici di riferimento, e pensare al <em>\u201ccorredo monumentale<\/em>\u201d che trasforma ogni societ\u00e0 in una civilt\u00e0, evitando ogni volont\u00e0 <em>\u201cmonumentalistica\u201d<\/em>. <\/p>\n\n\n\n<p class=\"wp-block-paragraph\"><strong>\u00c8 un vero inizio per riflettere sulla condizione professionale dell\u2019Architetto e per capire se \u00e8 ancora possibile che la cultura possa diventare una forma estetica di politica, se fosse cos\u00ec, la chiusura della Bauhaus non sarebbe stata vana. &nbsp;<\/strong><\/p>\n\n\n\n<hr class=\"wp-block-separator\"\/>\n\n\n\t\r\n\t\t\t\t\t\n<div class=\"wp-block-group\"><div class=\"wp-block-group__inner-container is-layout-constrained wp-block-group-is-layout-constrained\">\n<p class=\"wp-block-paragraph\"><strong>Seguici sui nostri canali per restare sempre aggiornato: <\/strong><\/p>\n\n\n\n<ul class=\"has-white-color has-black-background-color has-text-color has-background has-link-color wp-block-list wp-elements-22151444a665cce6c776750adbab5190\">\n<li><a href=\"https:\/\/t.me\/listonegiordanoofficial\">Canale Telegram<\/a><\/li>\n\n\n\n<li><a href=\"https:\/\/whatsapp.com\/channel\/0029VaR7wuhCnA7pPd7rte40\">Canale Whatsapp<\/a><\/li>\n\n\n\n<li><a href=\"https:\/\/www.instagram.com\/listonegiordano\/\">Instagram <\/a><\/li>\n\n\n\n<li><a href=\"https:\/\/www.facebook.com\/listonegiordanoitalia\">Facebook<\/a><\/li>\n\n\n\n<li><a href=\"https:\/\/www.linkedin.com\/company\/listone-giordano\">Linkedin<\/a><\/li>\n<\/ul>\n<\/div><\/div>\n\t\t<div class=\"related-posts\">\r\n\t\t\t<h3 class=\"lusitana medium-font green roboto align-center row-padding\"><span>Related Articles<\/span><\/h3>\r\n\t\t\t<div class=\"container white-bkg\">\r\n\t\t\t\t\t\t\t\t\t\t\t\t\t\t\t\t\t\t\r\n\t\t\t\t\t<div class=\"regular-article column-of-4 left col-padding row-padding\">\r\n\t\t\t\t\t\t<a class=\"image not-mobile\" href=\"https:\/\/www.listonegiordano.com\/one\/architettura\/eileen-gray\/\" rel=\"bookmark\"><img decoding=\"async\" class=\"cover\" src=\"https:\/\/www.listonegiordano.com\/one\/wp-content\/uploads\/2020\/08\/eileen-graye-1027-1-500x375.jpg\" loading=\"lazy\"><\/a>\r\n\t\t\t\t\t\t<div class=\"postedby-on roboto tiny-font\">\t<span class=\"lower byline\">di<\/span> <span class=\"byline\"><span class=\"author vcard\"><a class=\"url fn n\" href=\"https:\/\/www.listonegiordano.com\/one\/author\/decaro\/\">Maurizio De Caro<\/a><\/span><\/span>\t<span class=\"posted-on\"> &#8211; 6 anni fa<\/span><\/div>\t\t\t\t\t\t<h2 class=\"title lusitana small-font\"><a href=\"https:\/\/www.listonegiordano.com\/one\/architettura\/eileen-gray\/\" rel=\"bookmark\">Eileen Gray, la passione, il delirio e la genialit\u00e0 al potere<\/a><\/h2>\r\n\t\t\t\t\t<\/div>\r\n\t\t\t\t\t\t\t\t\t\t\t\t\t\t\t\t\t\t\t\t\t\t\t\r\n\t\t\t\t\t<div class=\"regular-article column-of-4 left col-padding row-padding\">\r\n\t\t\t\t\t\t<a class=\"image not-mobile\" href=\"https:\/\/www.listonegiordano.com\/one\/architettura\/lina-bo-bardi\/\" rel=\"bookmark\"><img decoding=\"async\" class=\"cover\" src=\"https:\/\/www.listonegiordano.com\/one\/wp-content\/uploads\/2020\/08\/Lina-Bo-Bardi-on-the-ship-Almirante-Jaceguay-on-her-way-to-Brasil-in-1946-500x265.jpg\" loading=\"lazy\"><\/a>\r\n\t\t\t\t\t\t<div class=\"postedby-on roboto tiny-font\">\t<span class=\"lower byline\">di<\/span> <span class=\"byline\"><span class=\"author vcard\"><a class=\"url fn n\" href=\"https:\/\/www.listonegiordano.com\/one\/author\/decaro\/\">Maurizio De Caro<\/a><\/span><\/span>\t<span class=\"posted-on\"> &#8211; 6 anni fa<\/span><\/div>\t\t\t\t\t\t<h2 class=\"title lusitana small-font\"><a href=\"https:\/\/www.listonegiordano.com\/one\/architettura\/lina-bo-bardi\/\" rel=\"bookmark\">Lina Bo Bardi, &#8220;il Brasile \u00e8 il paese dove voglio vivere&#8221;<\/a><\/h2>\r\n\t\t\t\t\t<\/div>\r\n\t\t\t\t\t\t\t\t\t\t\t\t\t\t\t\t\t\t\t\t\t\t\t\t\t<br class=\"separator-mobile clear\">\r\n\t\t\t\t\t\t\t\t\t\r\n\t\t\t\t\t<div class=\"regular-article column-of-4 left col-padding row-padding\">\r\n\t\t\t\t\t\t<a class=\"image not-mobile\" href=\"https:\/\/www.listonegiordano.com\/one\/architettura\/nel-cielo-stellato-di-zaha-hadid\/\" rel=\"bookmark\"><img decoding=\"async\" class=\"cover\" src=\"https:\/\/www.listonegiordano.com\/one\/wp-content\/uploads\/2020\/06\/zaha-hadid-science-museum-500x281.jpg\" loading=\"lazy\"><\/a>\r\n\t\t\t\t\t\t<div class=\"postedby-on roboto tiny-font\">\t<span class=\"lower byline\">di<\/span> <span class=\"byline\"><span class=\"author vcard\"><a class=\"url fn n\" href=\"https:\/\/www.listonegiordano.com\/one\/author\/decaro\/\">Maurizio De Caro<\/a><\/span><\/span>\t<span class=\"posted-on\"> &#8211; 6 anni fa<\/span><\/div>\t\t\t\t\t\t<h2 class=\"title lusitana small-font\"><a href=\"https:\/\/www.listonegiordano.com\/one\/architettura\/nel-cielo-stellato-di-zaha-hadid\/\" rel=\"bookmark\">Nel cielo stellato di  Zaha Hadid<\/a><\/h2>\r\n\t\t\t\t\t<\/div>\r\n\t\t\t\t\t\t\t\t\t\t\t\t\t\t\t\t\t\t\t\t\t\t\t\r\n\t\t\t\t\t<div class=\"regular-article column-of-4 left col-padding row-padding\">\r\n\t\t\t\t\t\t<a class=\"image not-mobile\" href=\"https:\/\/www.listonegiordano.com\/one\/architettura\/donne-e-architettura-qualche-secolo-di-discriminazioni-derisioni-incomprensioni-isolamenti-e-luoghi-comuni\/\" rel=\"bookmark\"><img decoding=\"async\" class=\"cover\" src=\"https:\/\/www.listonegiordano.com\/one\/wp-content\/uploads\/2020\/06\/Plautilla-Bricci-melania-mazzucco-1.jpg\" loading=\"lazy\"><\/a>\r\n\t\t\t\t\t\t<div class=\"postedby-on roboto tiny-font\">\t<span class=\"lower byline\">di<\/span> <span class=\"byline\"><span class=\"author vcard\"><a class=\"url fn n\" href=\"https:\/\/www.listonegiordano.com\/one\/author\/decaro\/\">Maurizio De Caro<\/a><\/span><\/span>\t<span class=\"posted-on\"> &#8211; 6 anni fa<\/span><\/div>\t\t\t\t\t\t<h2 class=\"title lusitana small-font\"><a href=\"https:\/\/www.listonegiordano.com\/one\/architettura\/donne-e-architettura-qualche-secolo-di-discriminazioni-derisioni-incomprensioni-isolamenti-e-luoghi-comuni\/\" rel=\"bookmark\">Donne e architettura, qualche secolo di discriminazioni, derisioni, incomprensioni, isolamenti e luoghi comuni<\/a><\/h2>\r\n\t\t\t\t\t<\/div>\r\n\t\t\t\t\t\t\t\t\t\t\t\t\t<br class=\"clear\">\r\n\t\t\t<\/div>\r\n\t\t<\/div>\r\n\t\t","protected":false},"excerpt":{"rendered":"<p>Manifesto anticonvenzionale per il futuro delle citt\u00e0 e della societ\u00e0. E\u2019 arrivata l\u2019autorevole voce di Ursula von der Leyen a [&hellip;]<\/p>\n","protected":false},"author":9,"featured_media":10245,"comment_status":"closed","ping_status":"closed","sticky":false,"template":"","format":"standard","meta":{"area":"","groups":"","preview":"","columns":"","rows":"","footnotes":""},"categories":[2],"tags":[],"class_list":["post-10244","post","type-post","status-publish","format-standard","has-post-thumbnail","hentry","category-architettura"],"featured_image_src":"https:\/\/www.listonegiordano.com\/one\/wp-content\/uploads\/2020\/10\/bauhaus--150x150.jpg","yoast_head":"<!-- This site is optimized with the Yoast SEO Premium plugin v28.1 (Yoast SEO v28.1) - https:\/\/yoast.com\/product\/yoast-seo-premium-wordpress\/ -->\n<title>A new Bauhaus revolution | One Listone Giordano<\/title>\n<meta name=\"description\" content=\"Bauhaus: la mitologica scuola nata a Weimar nel \u201919 proietta desideri, sogni, volont\u00e0 di innovazione nel cuore del progetto della citt\u00e0.\" \/>\n<meta name=\"robots\" content=\"index, follow, max-snippet:-1, max-image-preview:large, max-video-preview:-1\" \/>\n<link rel=\"canonical\" href=\"https:\/\/www.listonegiordano.com\/one\/architettura\/new-bauhaus-revolution\/\" \/>\n<meta property=\"og:locale\" content=\"it_IT\" \/>\n<meta property=\"og:type\" content=\"article\" \/>\n<meta property=\"og:title\" content=\"A new Bauhaus revolution\" \/>\n<meta property=\"og:description\" content=\"Manifesto anticonvenzionale per il futuro delle citt\u00e0 e della societ\u00e0. E\u2019 arrivata l\u2019autorevole voce di Ursula von der Leyen a scardinare le certezze dei\" \/>\n<meta property=\"og:url\" content=\"https:\/\/www.listonegiordano.com\/one\/architettura\/new-bauhaus-revolution\/\" \/>\n<meta property=\"og:site_name\" content=\"One Listone Giordano\" \/>\n<meta property=\"article:publisher\" content=\"https:\/\/www.facebook.com\/listonegiordanoitalia\/\" \/>\n<meta property=\"article:published_time\" content=\"2020-10-20T17:21:07+00:00\" \/>\n<meta property=\"article:modified_time\" content=\"2020-10-21T11:51:17+00:00\" \/>\n<meta property=\"og:image\" content=\"https:\/\/www.listonegiordano.com\/one\/wp-content\/uploads\/2020\/10\/bauhaus-.jpg\" \/>\n\t<meta property=\"og:image:width\" content=\"766\" \/>\n\t<meta property=\"og:image:height\" content=\"544\" \/>\n\t<meta property=\"og:image:type\" content=\"image\/jpeg\" \/>\n<meta name=\"author\" content=\"Maurizio De Caro\" \/>\n<meta name=\"twitter:card\" content=\"summary_large_image\" \/>\n<meta name=\"twitter:label1\" content=\"Scritto da\" \/>\n\t<meta name=\"twitter:data1\" content=\"Maurizio De Caro\" \/>\n\t<meta name=\"twitter:label2\" content=\"Tempo di lettura stimato\" \/>\n\t<meta name=\"twitter:data2\" content=\"4 minuti\" \/>\n<script type=\"application\/ld+json\" class=\"yoast-schema-graph\">{\"@context\":\"https:\\\/\\\/schema.org\",\"@graph\":[{\"@type\":\"Article\",\"@id\":\"https:\\\/\\\/www.listonegiordano.com\\\/one\\\/architettura\\\/new-bauhaus-revolution\\\/#article\",\"isPartOf\":{\"@id\":\"https:\\\/\\\/www.listonegiordano.com\\\/one\\\/architettura\\\/new-bauhaus-revolution\\\/\"},\"author\":{\"name\":\"Maurizio De Caro\",\"@id\":\"https:\\\/\\\/www.listonegiordano.com\\\/one\\\/#\\\/schema\\\/person\\\/e68e8dc996646f715eaeadfdbb979481\"},\"headline\":\"A new Bauhaus revolution\",\"datePublished\":\"2020-10-20T17:21:07+00:00\",\"dateModified\":\"2020-10-21T11:51:17+00:00\",\"mainEntityOfPage\":{\"@id\":\"https:\\\/\\\/www.listonegiordano.com\\\/one\\\/architettura\\\/new-bauhaus-revolution\\\/\"},\"wordCount\":845,\"publisher\":{\"@id\":\"https:\\\/\\\/www.listonegiordano.com\\\/one\\\/#organization\"},\"image\":{\"@id\":\"https:\\\/\\\/www.listonegiordano.com\\\/one\\\/architettura\\\/new-bauhaus-revolution\\\/#primaryimage\"},\"thumbnailUrl\":\"https:\\\/\\\/www.listonegiordano.com\\\/one\\\/wp-content\\\/uploads\\\/2020\\\/10\\\/bauhaus-.jpg\",\"articleSection\":[\"Architettura\"],\"inLanguage\":\"it-IT\"},{\"@type\":\"WebPage\",\"@id\":\"https:\\\/\\\/www.listonegiordano.com\\\/one\\\/architettura\\\/new-bauhaus-revolution\\\/\",\"url\":\"https:\\\/\\\/www.listonegiordano.com\\\/one\\\/architettura\\\/new-bauhaus-revolution\\\/\",\"name\":\"A new Bauhaus revolution | One Listone Giordano\",\"isPartOf\":{\"@id\":\"https:\\\/\\\/www.listonegiordano.com\\\/one\\\/#website\"},\"primaryImageOfPage\":{\"@id\":\"https:\\\/\\\/www.listonegiordano.com\\\/one\\\/architettura\\\/new-bauhaus-revolution\\\/#primaryimage\"},\"image\":{\"@id\":\"https:\\\/\\\/www.listonegiordano.com\\\/one\\\/architettura\\\/new-bauhaus-revolution\\\/#primaryimage\"},\"thumbnailUrl\":\"https:\\\/\\\/www.listonegiordano.com\\\/one\\\/wp-content\\\/uploads\\\/2020\\\/10\\\/bauhaus-.jpg\",\"datePublished\":\"2020-10-20T17:21:07+00:00\",\"dateModified\":\"2020-10-21T11:51:17+00:00\",\"description\":\"Bauhaus: la mitologica scuola nata a Weimar nel \u201919 proietta desideri, sogni, volont\u00e0 di innovazione nel cuore del progetto della citt\u00e0.\",\"breadcrumb\":{\"@id\":\"https:\\\/\\\/www.listonegiordano.com\\\/one\\\/architettura\\\/new-bauhaus-revolution\\\/#breadcrumb\"},\"inLanguage\":\"it-IT\",\"potentialAction\":[{\"@type\":\"ReadAction\",\"target\":[\"https:\\\/\\\/www.listonegiordano.com\\\/one\\\/architettura\\\/new-bauhaus-revolution\\\/\"]}]},{\"@type\":\"ImageObject\",\"inLanguage\":\"it-IT\",\"@id\":\"https:\\\/\\\/www.listonegiordano.com\\\/one\\\/architettura\\\/new-bauhaus-revolution\\\/#primaryimage\",\"url\":\"https:\\\/\\\/www.listonegiordano.com\\\/one\\\/wp-content\\\/uploads\\\/2020\\\/10\\\/bauhaus-.jpg\",\"contentUrl\":\"https:\\\/\\\/www.listonegiordano.com\\\/one\\\/wp-content\\\/uploads\\\/2020\\\/10\\\/bauhaus-.jpg\",\"width\":766,\"height\":544,\"caption\":\"bauhaus - arte e design\"},{\"@type\":\"BreadcrumbList\",\"@id\":\"https:\\\/\\\/www.listonegiordano.com\\\/one\\\/architettura\\\/new-bauhaus-revolution\\\/#breadcrumb\",\"itemListElement\":[{\"@type\":\"ListItem\",\"position\":1,\"name\":\"Home\",\"item\":\"https:\\\/\\\/www.listonegiordano.com\\\/one\\\/\"},{\"@type\":\"ListItem\",\"position\":2,\"name\":\"A new Bauhaus revolution\"}]},{\"@type\":\"WebSite\",\"@id\":\"https:\\\/\\\/www.listonegiordano.com\\\/one\\\/#website\",\"url\":\"https:\\\/\\\/www.listonegiordano.com\\\/one\\\/\",\"name\":\"One Listone Giordano\",\"description\":\"Il magazine sull&#039;Architettura e Design firmato Listone Giordano\",\"publisher\":{\"@id\":\"https:\\\/\\\/www.listonegiordano.com\\\/one\\\/#organization\"},\"potentialAction\":[{\"@type\":\"SearchAction\",\"target\":{\"@type\":\"EntryPoint\",\"urlTemplate\":\"https:\\\/\\\/www.listonegiordano.com\\\/one\\\/?s={search_term_string}\"},\"query-input\":{\"@type\":\"PropertyValueSpecification\",\"valueRequired\":true,\"valueName\":\"search_term_string\"}}],\"inLanguage\":\"it-IT\"},{\"@type\":\"Organization\",\"@id\":\"https:\\\/\\\/www.listonegiordano.com\\\/one\\\/#organization\",\"name\":\"One Listone Giordano\",\"url\":\"https:\\\/\\\/www.listonegiordano.com\\\/one\\\/\",\"logo\":{\"@type\":\"ImageObject\",\"inLanguage\":\"it-IT\",\"@id\":\"https:\\\/\\\/www.listonegiordano.com\\\/one\\\/#\\\/schema\\\/logo\\\/image\\\/\",\"url\":\"https:\\\/\\\/www.listonegiordano.com\\\/one\\\/wp-content\\\/uploads\\\/2019\\\/08\\\/MLG-19-immagine_profilo_redazione-1.jpg\",\"contentUrl\":\"https:\\\/\\\/www.listonegiordano.com\\\/one\\\/wp-content\\\/uploads\\\/2019\\\/08\\\/MLG-19-immagine_profilo_redazione-1.jpg\",\"width\":900,\"height\":600,\"caption\":\"One Listone Giordano\"},\"image\":{\"@id\":\"https:\\\/\\\/www.listonegiordano.com\\\/one\\\/#\\\/schema\\\/logo\\\/image\\\/\"},\"sameAs\":[\"https:\\\/\\\/www.facebook.com\\\/listonegiordanoitalia\\\/\",\"https:\\\/\\\/www.instagram.com\\\/listonegiordano\\\/\",\"https:\\\/\\\/www.linkedin.com\\\/company\\\/listone-giordano\\\/\",\"https:\\\/\\\/www.pinterest.it\\\/listoneg\",\"https:\\\/\\\/www.youtube.com\\\/user\\\/ListoneGiordano01\",\"https:\\\/\\\/it.wikipedia.org\\\/wiki\\\/Listone_Giordano\"]},{\"@type\":\"Person\",\"@id\":\"https:\\\/\\\/www.listonegiordano.com\\\/one\\\/#\\\/schema\\\/person\\\/e68e8dc996646f715eaeadfdbb979481\",\"name\":\"Maurizio De Caro\",\"description\":\"Maurizio de Caro, architetto,ha studiato a Milano (Politecnico, Facolt\u00e0 di architettura) e Londra (Architectural Association) Musicofilo, giornalista, collezionista d\u2019Arte Contemporanea, teorico dell\u2019architettura, gi\u00e0 docente di Estetica alla Facolt\u00e0 di Architettura del Politecnico di Milano. Consigliere dell'Ordine degli Architetti della Provincia di Milano(2009-2013) Presidente della Fondazione Colore di Lissone(MB) Consigliere d\u2019Amministrazione del Museo Bagatti Valsecchi,Milano Ha scritto saggi per Electa, Fabbri Editore, LIndau,il Clavicembalo, ha collaborato col Corriere della Sera, Il Sole24ore, La Stampa, il Riformista etc.), attualmente editorialista di affari Italiani.it. e ONE(Listone Giordano) Tra i progetti:La metropolitana leggera Cascina Gobba\\\/H.San Raffaele Coordina il gruppo di progettazione per la realizzazione delle Architetture di Servizio di Expo Milano 2015 Dal 2018 \u00e8 art director di Krill Design Vive e lavora a Milano(attraverso le tre societ\u00e0 Maurizio de Caro Architects &amp; Planners, @deCaroArchitects e The factory of matter, che si occupano di ricerca, comunicazione culturale, allestimenti e progettazione integrata) www.mauriziodecaro.net\",\"url\":\"https:\\\/\\\/www.listonegiordano.com\\\/one\\\/author\\\/decaro\\\/\"}]}<\/script>\n<!-- \/ Yoast SEO Premium plugin. -->","yoast_head_json":{"title":"A new Bauhaus revolution | One Listone Giordano","description":"Bauhaus: la mitologica scuola nata a Weimar nel \u201919 proietta desideri, sogni, volont\u00e0 di innovazione nel cuore del progetto della citt\u00e0.","robots":{"index":"index","follow":"follow","max-snippet":"max-snippet:-1","max-image-preview":"max-image-preview:large","max-video-preview":"max-video-preview:-1"},"canonical":"https:\/\/www.listonegiordano.com\/one\/architettura\/new-bauhaus-revolution\/","og_locale":"it_IT","og_type":"article","og_title":"A new Bauhaus revolution","og_description":"Manifesto anticonvenzionale per il futuro delle citt\u00e0 e della societ\u00e0. E\u2019 arrivata l\u2019autorevole voce di Ursula von der Leyen a scardinare le certezze dei","og_url":"https:\/\/www.listonegiordano.com\/one\/architettura\/new-bauhaus-revolution\/","og_site_name":"One Listone Giordano","article_publisher":"https:\/\/www.facebook.com\/listonegiordanoitalia\/","article_published_time":"2020-10-20T17:21:07+00:00","article_modified_time":"2020-10-21T11:51:17+00:00","og_image":[{"width":766,"height":544,"url":"https:\/\/www.listonegiordano.com\/one\/wp-content\/uploads\/2020\/10\/bauhaus-.jpg","type":"image\/jpeg"}],"author":"Maurizio De Caro","twitter_card":"summary_large_image","twitter_misc":{"Scritto da":"Maurizio De Caro","Tempo di lettura stimato":"4 minuti"},"schema":{"@context":"https:\/\/schema.org","@graph":[{"@type":"Article","@id":"https:\/\/www.listonegiordano.com\/one\/architettura\/new-bauhaus-revolution\/#article","isPartOf":{"@id":"https:\/\/www.listonegiordano.com\/one\/architettura\/new-bauhaus-revolution\/"},"author":{"name":"Maurizio De Caro","@id":"https:\/\/www.listonegiordano.com\/one\/#\/schema\/person\/e68e8dc996646f715eaeadfdbb979481"},"headline":"A new Bauhaus revolution","datePublished":"2020-10-20T17:21:07+00:00","dateModified":"2020-10-21T11:51:17+00:00","mainEntityOfPage":{"@id":"https:\/\/www.listonegiordano.com\/one\/architettura\/new-bauhaus-revolution\/"},"wordCount":845,"publisher":{"@id":"https:\/\/www.listonegiordano.com\/one\/#organization"},"image":{"@id":"https:\/\/www.listonegiordano.com\/one\/architettura\/new-bauhaus-revolution\/#primaryimage"},"thumbnailUrl":"https:\/\/www.listonegiordano.com\/one\/wp-content\/uploads\/2020\/10\/bauhaus-.jpg","articleSection":["Architettura"],"inLanguage":"it-IT"},{"@type":"WebPage","@id":"https:\/\/www.listonegiordano.com\/one\/architettura\/new-bauhaus-revolution\/","url":"https:\/\/www.listonegiordano.com\/one\/architettura\/new-bauhaus-revolution\/","name":"A new Bauhaus revolution | One Listone Giordano","isPartOf":{"@id":"https:\/\/www.listonegiordano.com\/one\/#website"},"primaryImageOfPage":{"@id":"https:\/\/www.listonegiordano.com\/one\/architettura\/new-bauhaus-revolution\/#primaryimage"},"image":{"@id":"https:\/\/www.listonegiordano.com\/one\/architettura\/new-bauhaus-revolution\/#primaryimage"},"thumbnailUrl":"https:\/\/www.listonegiordano.com\/one\/wp-content\/uploads\/2020\/10\/bauhaus-.jpg","datePublished":"2020-10-20T17:21:07+00:00","dateModified":"2020-10-21T11:51:17+00:00","description":"Bauhaus: la mitologica scuola nata a Weimar nel \u201919 proietta desideri, sogni, volont\u00e0 di innovazione nel cuore del progetto della citt\u00e0.","breadcrumb":{"@id":"https:\/\/www.listonegiordano.com\/one\/architettura\/new-bauhaus-revolution\/#breadcrumb"},"inLanguage":"it-IT","potentialAction":[{"@type":"ReadAction","target":["https:\/\/www.listonegiordano.com\/one\/architettura\/new-bauhaus-revolution\/"]}]},{"@type":"ImageObject","inLanguage":"it-IT","@id":"https:\/\/www.listonegiordano.com\/one\/architettura\/new-bauhaus-revolution\/#primaryimage","url":"https:\/\/www.listonegiordano.com\/one\/wp-content\/uploads\/2020\/10\/bauhaus-.jpg","contentUrl":"https:\/\/www.listonegiordano.com\/one\/wp-content\/uploads\/2020\/10\/bauhaus-.jpg","width":766,"height":544,"caption":"bauhaus - arte e design"},{"@type":"BreadcrumbList","@id":"https:\/\/www.listonegiordano.com\/one\/architettura\/new-bauhaus-revolution\/#breadcrumb","itemListElement":[{"@type":"ListItem","position":1,"name":"Home","item":"https:\/\/www.listonegiordano.com\/one\/"},{"@type":"ListItem","position":2,"name":"A new Bauhaus revolution"}]},{"@type":"WebSite","@id":"https:\/\/www.listonegiordano.com\/one\/#website","url":"https:\/\/www.listonegiordano.com\/one\/","name":"One Listone Giordano","description":"Il magazine sull&#039;Architettura e Design firmato Listone Giordano","publisher":{"@id":"https:\/\/www.listonegiordano.com\/one\/#organization"},"potentialAction":[{"@type":"SearchAction","target":{"@type":"EntryPoint","urlTemplate":"https:\/\/www.listonegiordano.com\/one\/?s={search_term_string}"},"query-input":{"@type":"PropertyValueSpecification","valueRequired":true,"valueName":"search_term_string"}}],"inLanguage":"it-IT"},{"@type":"Organization","@id":"https:\/\/www.listonegiordano.com\/one\/#organization","name":"One Listone Giordano","url":"https:\/\/www.listonegiordano.com\/one\/","logo":{"@type":"ImageObject","inLanguage":"it-IT","@id":"https:\/\/www.listonegiordano.com\/one\/#\/schema\/logo\/image\/","url":"https:\/\/www.listonegiordano.com\/one\/wp-content\/uploads\/2019\/08\/MLG-19-immagine_profilo_redazione-1.jpg","contentUrl":"https:\/\/www.listonegiordano.com\/one\/wp-content\/uploads\/2019\/08\/MLG-19-immagine_profilo_redazione-1.jpg","width":900,"height":600,"caption":"One Listone Giordano"},"image":{"@id":"https:\/\/www.listonegiordano.com\/one\/#\/schema\/logo\/image\/"},"sameAs":["https:\/\/www.facebook.com\/listonegiordanoitalia\/","https:\/\/www.instagram.com\/listonegiordano\/","https:\/\/www.linkedin.com\/company\/listone-giordano\/","https:\/\/www.pinterest.it\/listoneg","https:\/\/www.youtube.com\/user\/ListoneGiordano01","https:\/\/it.wikipedia.org\/wiki\/Listone_Giordano"]},{"@type":"Person","@id":"https:\/\/www.listonegiordano.com\/one\/#\/schema\/person\/e68e8dc996646f715eaeadfdbb979481","name":"Maurizio De Caro","description":"Maurizio de Caro, architetto,ha studiato a Milano (Politecnico, Facolt\u00e0 di architettura) e Londra (Architectural Association) Musicofilo, giornalista, collezionista d\u2019Arte Contemporanea, teorico dell\u2019architettura, gi\u00e0 docente di Estetica alla Facolt\u00e0 di Architettura del Politecnico di Milano. Consigliere dell'Ordine degli Architetti della Provincia di Milano(2009-2013) Presidente della Fondazione Colore di Lissone(MB) Consigliere d\u2019Amministrazione del Museo Bagatti Valsecchi,Milano Ha scritto saggi per Electa, Fabbri Editore, LIndau,il Clavicembalo, ha collaborato col Corriere della Sera, Il Sole24ore, La Stampa, il Riformista etc.), attualmente editorialista di affari Italiani.it. e ONE(Listone Giordano) Tra i progetti:La metropolitana leggera Cascina Gobba\/H.San Raffaele Coordina il gruppo di progettazione per la realizzazione delle Architetture di Servizio di Expo Milano 2015 Dal 2018 \u00e8 art director di Krill Design Vive e lavora a Milano(attraverso le tre societ\u00e0 Maurizio de Caro Architects &amp; Planners, @deCaroArchitects e The factory of matter, che si occupano di ricerca, comunicazione culturale, allestimenti e progettazione integrata) www.mauriziodecaro.net","url":"https:\/\/www.listonegiordano.com\/one\/author\/decaro\/"}]}},"amp_enabled":true,"_links":{"self":[{"href":"https:\/\/www.listonegiordano.com\/one\/wp-json\/wp\/v2\/posts\/10244","targetHints":{"allow":["GET"]}}],"collection":[{"href":"https:\/\/www.listonegiordano.com\/one\/wp-json\/wp\/v2\/posts"}],"about":[{"href":"https:\/\/www.listonegiordano.com\/one\/wp-json\/wp\/v2\/types\/post"}],"author":[{"embeddable":true,"href":"https:\/\/www.listonegiordano.com\/one\/wp-json\/wp\/v2\/users\/9"}],"replies":[{"embeddable":true,"href":"https:\/\/www.listonegiordano.com\/one\/wp-json\/wp\/v2\/comments?post=10244"}],"version-history":[{"count":3,"href":"https:\/\/www.listonegiordano.com\/one\/wp-json\/wp\/v2\/posts\/10244\/revisions"}],"predecessor-version":[{"id":10251,"href":"https:\/\/www.listonegiordano.com\/one\/wp-json\/wp\/v2\/posts\/10244\/revisions\/10251"}],"wp:featuredmedia":[{"embeddable":true,"href":"https:\/\/www.listonegiordano.com\/one\/wp-json\/wp\/v2\/media\/10245"}],"wp:attachment":[{"href":"https:\/\/www.listonegiordano.com\/one\/wp-json\/wp\/v2\/media?parent=10244"}],"wp:term":[{"taxonomy":"category","embeddable":true,"href":"https:\/\/www.listonegiordano.com\/one\/wp-json\/wp\/v2\/categories?post=10244"},{"taxonomy":"post_tag","embeddable":true,"href":"https:\/\/www.listonegiordano.com\/one\/wp-json\/wp\/v2\/tags?post=10244"}],"curies":[{"name":"wp","href":"https:\/\/api.w.org\/{rel}","templated":true}]}}