{"id":14596,"date":"2021-07-02T11:48:29","date_gmt":"2021-07-02T09:48:29","guid":{"rendered":"https:\/\/one.listonegiordano.com\/?p=14596"},"modified":"2021-07-02T16:41:16","modified_gmt":"2021-07-02T14:41:16","slug":"bauhaus-essere-o-non-essere","status":"publish","type":"post","link":"https:\/\/www.listonegiordano.com\/one\/design\/bauhaus-essere-o-non-essere\/","title":{"rendered":"Bauhaus: essere o non essere?"},"content":{"rendered":"\n<p class=\"wp-block-paragraph\">Nella speranzosa utopia UE di un \u201c<strong>Nuovo Bauhaus Europeo<\/strong>\u201d non va dimenticata la matrice esistenziale e spirituale di una Scuola di design e architettura che fu anche un grande laboratorio di sperimentazione artistica.<\/p>\n\n\n\n<p class=\"wp-block-paragraph\"><br><\/p>\n\n\n\n<blockquote class=\"wp-block-quote is-layout-flow wp-block-quote-is-layout-flow\"><p>\u201cMa dunque per lei il Bauhaus \u00e8 attuale o no? Per un certo periodo ho pensato che mantenesse una sua attualit\u00e0, ma oggi non ne sono pi\u00f9 convinto. Conservo l\u2019ammirazione di sempre per quell\u2019esperienza, anche perch\u00e9 nata dal contributo di una generazione di giovani che avevano tutti, con poche eccezioni, tra i venticinque e i trent\u2019anni. Ci\u00f2 malgrado non possiamo pensare che i metodi del Bauhaus possano essere una soluzione ai problemi che si pongono oggi ai progettisti.\u201d<\/p><cite>Stefano Casciani, intervista con Tom\u00e1s Maldonado, in domus 935, aprile 2010<br><\/cite><\/blockquote>\n\n\n\n<p class=\"wp-block-paragraph\">In un\u2019intervista di non moltissimi anni fa con <strong>Maldonado<\/strong>, discutevamo della sua visione della scuola di <strong>Gropius, Meyer e Mies van der Rohe<\/strong> (gli storici direttori del Bauhaus modernista). Ne risultava la sua preferenza per il periodo della direzione di <strong>Hannes Meyer<\/strong>, perch\u00e9 vedeva la posizione di Gropius come \u201cformalista, grazie agli interventi di van Doesburg\u201d, l\u2019eclettico artista e polemista olandese che senza avervi mai insegnato esercit\u00f2 comunque una forte influenza sul Bauhaus. La conclusione di Maldonado era che, malgrado fino agli anni 60 egli stesso sostenesse una possibile attualit\u00e0 del Bauhaus, invitato in Germania nel 2009 per il 90simo della Scuola, aveva tenuto una conferenza dove dimostrava proprio il contrario. <\/p>\n\n\n\n<div class=\"wp-block-image\"><figure class=\"aligncenter size-large\"><img loading=\"lazy\" decoding=\"async\" width=\"552\" height=\"1024\" src=\"https:\/\/www.listonegiordano.com\/one\/wp-content\/uploads\/2021\/07\/1.Karl-Ubbuch-Doppio-ritratto-di-Hilde.-Collezione-Thyssen-von-Bornemisza-552x1024.jpg\" alt=\"\" class=\"wp-image-14602\" srcset=\"https:\/\/www.listonegiordano.com\/one\/wp-content\/uploads\/2021\/07\/1.Karl-Ubbuch-Doppio-ritratto-di-Hilde.-Collezione-Thyssen-von-Bornemisza-552x1024.jpg 552w, https:\/\/www.listonegiordano.com\/one\/wp-content\/uploads\/2021\/07\/1.Karl-Ubbuch-Doppio-ritratto-di-Hilde.-Collezione-Thyssen-von-Bornemisza-162x300.jpg 162w, https:\/\/www.listonegiordano.com\/one\/wp-content\/uploads\/2021\/07\/1.Karl-Ubbuch-Doppio-ritratto-di-Hilde.-Collezione-Thyssen-von-Bornemisza-768x1424.jpg 768w, https:\/\/www.listonegiordano.com\/one\/wp-content\/uploads\/2021\/07\/1.Karl-Ubbuch-Doppio-ritratto-di-Hilde.-Collezione-Thyssen-von-Bornemisza-270x500.jpg 270w, https:\/\/www.listonegiordano.com\/one\/wp-content\/uploads\/2021\/07\/1.Karl-Ubbuch-Doppio-ritratto-di-Hilde.-Collezione-Thyssen-von-Bornemisza.jpg 800w\" sizes=\"auto, (max-width: 552px) 100vw, 552px\" \/><figcaption>Karl Hubbuch, &#8220;Zweimal Hilde II&#8221; (Doppio ritratto di Hilde)&#8221;, 1929 ca.Museo Nacional Thyssen-Bornemisza, Madrid. Hilde Isai Hubbuch&nbsp; &#8211; fotografa al Bauhaus &#8211; \u00e8 ritratta in piedi e seduta su una sedia di Marcel Breuer.<\/figcaption><\/figure><\/div>\n\n\n\n<p class=\"wp-block-paragraph\">Se anche un intellettuale acuto e dialettico come Tom\u00e1s ha potuto cambiare cos\u00ec radicalmente opinione, sicuramente il Bauhaus &#8211; con le sue vicende cos\u00ec complesse di persone e idee &#8211; pone e porr\u00e0 sempre in futuro una delle questioni pi\u00f9 importanti del progetto: <strong>dove finisce l\u2019arte e dove inizia il design, almeno come lo intendiamo dopo un secolo di sua storia?<\/strong> Per questo sembra pi\u00f9 che altro una svista quella dei burocrati di Bruxelles che hanno coniato il termine \u201c<strong>New European Bauhaus<\/strong>\u201d per definire un programma tanto ambizioso quanto confuso, che mescola una generica filosofia \u201cverde\u201d, ricerca sui modi di vivere, aspirazioni estetiche non meglio definite. Al di l\u00e0 dell\u2019opportunit\u00e0 politica di intitolare un programma Europeo con un episodio della cultura tedesca, non si vede come questo programma &#8211; se non tanto per darsi un titolo risonante &#8211; potrebbe essere espressione delle<strong> tantissime realt\u00e0 e tradizioni del design che ogni paese europeo gi\u00e0 possiede<\/strong> e, per quanto possibile, cerca di conservare: come avviene al <strong>CCI del Centre Pompidou<\/strong>, al <strong>Design Museum di Londra<\/strong>, o al nuovissimo <strong>Museo Adi Compasso d\u2019Oro di Milano<\/strong>. <\/p>\n\n\n\n<p class=\"wp-block-paragraph\">E soprattutto la vera lezione del Bauhaus sono e restano le sue opere, gli oggetti, il metodo di insegnamento e la straordinaria, irripetibile qualit\u00e0 delle persone che lo hanno fatto. Se al tempo di Weimar e Dessau i migliori artisti e artiste dell\u2019avanguardia &#8211; da Klee a Kandinsky, da Marcel Breuer a Marianne Brandt, da Gunta Stolzl a Anni Albers &#8211; hanno saputo convergere e vivere, letteralmente, in una stessa realt\u00e0, oggi questo non \u00e8 pi\u00f9 pensabile e soprattutto possibile, Meglio guardare con apertura dialettica e attenzione critica a quel che il Bauhaus \u00e8 stato, e trarne qualche ispirazione etica ed estetica nel duro lavoro quotidiano dell\u2019autore, artista, designer o architetto che egli sia.<\/p>\n\n\n\n<p class=\"wp-block-paragraph\"><strong>BAUHAUS: 1919-1933<br>(estratto da Abitare n. 358, 1996)<\/strong><br><\/p>\n\n\n\n<p class=\"wp-block-paragraph\">Per un intellettuale contemporaneo interessato ai problemi del progetto tentare un discorso sul Bauhaus equivale allo sforzo del teologo che cerchi una nuova interpretazione dei sacri testi: su entrambi poggia il peso insopportabile di verit\u00e0 rivelate, superstizioni e anatemi lanciati negli anni dentro e fuori dalla gerarchia. <strong>La Scuola di Gropius<\/strong>, riuscendo nell&#8217;intento di passare alla storia ha infatti segnato anche il proprio destino: essere <strong>eternamente travisata da una critica al servizio permanente dell&#8217;establishment.<\/strong><\/p>\n\n\n\n<figure class=\"wp-block-image size-large\"><img loading=\"lazy\" decoding=\"async\" width=\"746\" height=\"1000\" src=\"https:\/\/www.listonegiordano.com\/one\/wp-content\/uploads\/2021\/07\/2.Gunta-Stolzl-Tesserino-Bauhaus_88166323_2698514630429167_3629070919273545728_n.jpg\" alt=\"\" class=\"wp-image-14605\" srcset=\"https:\/\/www.listonegiordano.com\/one\/wp-content\/uploads\/2021\/07\/2.Gunta-Stolzl-Tesserino-Bauhaus_88166323_2698514630429167_3629070919273545728_n.jpg 746w, https:\/\/www.listonegiordano.com\/one\/wp-content\/uploads\/2021\/07\/2.Gunta-Stolzl-Tesserino-Bauhaus_88166323_2698514630429167_3629070919273545728_n-224x300.jpg 224w, https:\/\/www.listonegiordano.com\/one\/wp-content\/uploads\/2021\/07\/2.Gunta-Stolzl-Tesserino-Bauhaus_88166323_2698514630429167_3629070919273545728_n-373x500.jpg 373w\" sizes=\"auto, (max-width: 746px) 100vw, 746px\" \/><figcaption>Gunta St\u00f6lzl, direttrice del laboratorio di tessitura al Bauhaus di Dessau: tesserino della Scuola<\/figcaption><\/figure>\n\n\n\n<p class=\"wp-block-paragraph\">Cos\u00ec <strong>i Bauhausler e il loro lavoro sono stati di volta in volta eccentrici, snob, bolscevichi, presunti anticipatori dell&#8217;International Style e dell&#8217;industrial design pi\u00f9 servili al sistema di produzione capitalista<\/strong> &#8211; fino al clima da basso impero postmoderno, che ne ha fatto il bersaglio di attacchi quali assolutisti e sciagurati fautori di una standardizzazione del mondo degli oggetti; come, ad esempio, negli isterici appunti dello scrittore americano Tom Wolfe, grande talento sprecato, che si \u00e8 spinto a dare al suo pamphlet contro il design il titolo From Bauhaus to your house<em>. <\/em><\/p>\n\n\n\n<div class=\"wp-block-image\"><figure class=\"aligncenter size-large\"><img loading=\"lazy\" decoding=\"async\" width=\"800\" height=\"836\" src=\"https:\/\/www.listonegiordano.com\/one\/wp-content\/uploads\/2021\/07\/3-Gunta-Stolzl-Arazzo-rosso-verde.jpg\" alt=\"\" class=\"wp-image-14607\" srcset=\"https:\/\/www.listonegiordano.com\/one\/wp-content\/uploads\/2021\/07\/3-Gunta-Stolzl-Arazzo-rosso-verde.jpg 800w, https:\/\/www.listonegiordano.com\/one\/wp-content\/uploads\/2021\/07\/3-Gunta-Stolzl-Arazzo-rosso-verde-287x300.jpg 287w, https:\/\/www.listonegiordano.com\/one\/wp-content\/uploads\/2021\/07\/3-Gunta-Stolzl-Arazzo-rosso-verde-768x803.jpg 768w, https:\/\/www.listonegiordano.com\/one\/wp-content\/uploads\/2021\/07\/3-Gunta-Stolzl-Arazzo-rosso-verde-478x500.jpg 478w\" sizes=\"auto, (max-width: 800px) 100vw, 800px\" \/><figcaption>Gunta St\u00f6lzl, direttrice del laboratorio di tessitura al Bauhaus di Dessau: &#8220;Tappeto Rosso Verde&#8221; ,1927\/28<\/figcaption><\/figure><\/div>\n\n\n\n<p class=\"wp-block-paragraph\">Qual&#8217;\u00e8 la ragione di tanta acrimonia verso un&#8217;esperienza artistica tra le pi\u00f9 belle, dopo tutto, di questo secolo? L&#8217;impresa affrontata da Marco De Michelis e Agnes Kohlmeyer con la mostra presentata alla Fondazione Mazzotta e il suo catalogo*, d\u00e0 una possibile risposta a questa domanda e a molte altre, fino ad assumere autentico valore di una vulgata incredibilmente attraente anche per gli addetti ai lavori. Il punto centrale colto in questo progetto espositivo, evidente fin nel sottotitolo dedicato a quattro maestri (due per disciplina), \u00e8 la grande intuizione dello stesso Gropius: \u2018campionare\u2019 le voci dell&#8217;avanguardia artistica del suo tempo e scatenarle in uno sfrenato rap progettuale in cui tutto viene detto, scritto e disegnato sulla possibile natura positiva della costruzione dell&#8217;universo. <\/p>\n\n\n\n<div class=\"wp-block-image\"><figure class=\"aligncenter size-large\"><img loading=\"lazy\" decoding=\"async\" width=\"1024\" height=\"762\" src=\"https:\/\/www.listonegiordano.com\/one\/wp-content\/uploads\/2021\/07\/4-Atelier-Gropius-_Bauatelier-GrOpiuS-Studio-darchitecture-Gropius-avec-Kurt-Stolp-Hermann-Bunzel-et-Hermann-Trinkaus.-Bauhaus-Photo-Edmund-Collein-1927-1928-Argentique-8.9-x-11.9-cm-1024x762.jpg\" alt=\"\" class=\"wp-image-14609\" srcset=\"https:\/\/www.listonegiordano.com\/one\/wp-content\/uploads\/2021\/07\/4-Atelier-Gropius-_Bauatelier-GrOpiuS-Studio-darchitecture-Gropius-avec-Kurt-Stolp-Hermann-Bunzel-et-Hermann-Trinkaus.-Bauhaus-Photo-Edmund-Collein-1927-1928-Argentique-8.9-x-11.9-cm-1024x762.jpg 1024w, https:\/\/www.listonegiordano.com\/one\/wp-content\/uploads\/2021\/07\/4-Atelier-Gropius-_Bauatelier-GrOpiuS-Studio-darchitecture-Gropius-avec-Kurt-Stolp-Hermann-Bunzel-et-Hermann-Trinkaus.-Bauhaus-Photo-Edmund-Collein-1927-1928-Argentique-8.9-x-11.9-cm-300x223.jpg 300w, https:\/\/www.listonegiordano.com\/one\/wp-content\/uploads\/2021\/07\/4-Atelier-Gropius-_Bauatelier-GrOpiuS-Studio-darchitecture-Gropius-avec-Kurt-Stolp-Hermann-Bunzel-et-Hermann-Trinkaus.-Bauhaus-Photo-Edmund-Collein-1927-1928-Argentique-8.9-x-11.9-cm-768x571.jpg 768w, https:\/\/www.listonegiordano.com\/one\/wp-content\/uploads\/2021\/07\/4-Atelier-Gropius-_Bauatelier-GrOpiuS-Studio-darchitecture-Gropius-avec-Kurt-Stolp-Hermann-Bunzel-et-Hermann-Trinkaus.-Bauhaus-Photo-Edmund-Collein-1927-1928-Argentique-8.9-x-11.9-cm-1536x1142.jpg 1536w, https:\/\/www.listonegiordano.com\/one\/wp-content\/uploads\/2021\/07\/4-Atelier-Gropius-_Bauatelier-GrOpiuS-Studio-darchitecture-Gropius-avec-Kurt-Stolp-Hermann-Bunzel-et-Hermann-Trinkaus.-Bauhaus-Photo-Edmund-Collein-1927-1928-Argentique-8.9-x-11.9-cm-500x372.jpg 500w, https:\/\/www.listonegiordano.com\/one\/wp-content\/uploads\/2021\/07\/4-Atelier-Gropius-_Bauatelier-GrOpiuS-Studio-darchitecture-Gropius-avec-Kurt-Stolp-Hermann-Bunzel-et-Hermann-Trinkaus.-Bauhaus-Photo-Edmund-Collein-1927-1928-Argentique-8.9-x-11.9-cm.jpg 2048w\" sizes=\"auto, (max-width: 1024px) 100vw, 1024px\" \/><figcaption>&#8220;Atelier Gropius&#8221;,&nbsp; installazione ironica con i collaboratori di Walter Gropius (tra gli altri Kurt Stolp, Hermann Bunzel et Hermann Trinkaus), 1927\/28 , photo Edmund Collein<\/figcaption><\/figure><\/div>\n\n\n\n<p class=\"wp-block-paragraph\">Nulla in questo dell&#8217;aggressivit\u00e0 guerrafondaia dei futuristi italiani, niente dello schematismo macchinistico (<em>machine \u00e0 habiter<\/em>) di Le Corbusier o della utopia dei produttivisti sovietici passati in fretta all&#8217;oblio o al gulag: ma <strong>una grande, calma, lucida e fin razionale speranza nell&#8217;incontro tra arte e industria, tra invenzione costruttiva e necessit\u00e0 esistenziali e spirituali<\/strong>. Proprio questa possibile spiritualit\u00e0 del progetto, negata per quasi un secolo e oggi debolmente tornata a farsi sentire, riemerge leggera, per chi voglia distinguerla, nella ricostruzione attuata nei modesti spazi della Fondazione Mazzotta, qui riabilitati solo perch\u00e9 risplendenti dell&#8217;intelligenza critica degli artisti. Si sorride nel vedere per la prima volta i disegni di Farkas Molnar dedicati alla nascita della nuova architettura: un<br>corpo femminile, quello di El (moglie di George) Muche, che d\u00e0 alla luce schematiche forme costruttive. Di fronte alla vetrina che raccoglie gli oggetti del laboratorio di ceramica, simulacri per funzioni misteriche, si \u00e8 agitati dall&#8217;odierno disperato affannarsi a ricercare forme nuove per materiali eterni.<br><\/p>\n\n\n\n<div class=\"wp-block-image\"><figure class=\"aligncenter size-large\"><img loading=\"lazy\" decoding=\"async\" width=\"458\" height=\"600\" src=\"https:\/\/www.listonegiordano.com\/one\/wp-content\/uploads\/2021\/07\/5-Farkas-Molna\u0301r-ritratto-di-Georg-e-El-Muche-con-la-Haus-am-Horn-prima-casa-sperimentale-del-Bauhaus-1923-1.jpg\" alt=\"\" class=\"wp-image-14613\" srcset=\"https:\/\/www.listonegiordano.com\/one\/wp-content\/uploads\/2021\/07\/5-Farkas-Molna\u0301r-ritratto-di-Georg-e-El-Muche-con-la-Haus-am-Horn-prima-casa-sperimentale-del-Bauhaus-1923-1.jpg 458w, https:\/\/www.listonegiordano.com\/one\/wp-content\/uploads\/2021\/07\/5-Farkas-Molna\u0301r-ritratto-di-Georg-e-El-Muche-con-la-Haus-am-Horn-prima-casa-sperimentale-del-Bauhaus-1923-1-229x300.jpg 229w, https:\/\/www.listonegiordano.com\/one\/wp-content\/uploads\/2021\/07\/5-Farkas-Molna\u0301r-ritratto-di-Georg-e-El-Muche-con-la-Haus-am-Horn-prima-casa-sperimentale-del-Bauhaus-1923-1-382x500.jpg 382w\" sizes=\"auto, (max-width: 458px) 100vw, 458px\" \/><figcaption>Farkas Moln\u00e1r, ritratto di Georg e El Muche, con la &#8220;Haus am Horn&#8221;, prima casa sperimentale del Bauhaus, 1923<\/figcaption><\/figure><\/div>\n\n\n\n<p class=\"wp-block-paragraph\">Ugualmente per\u00f2 si resta interdetti di fronte al bizzarro tentativo di riprodurre in mostra la Torre del fuoco di Itten, poco pi\u00f9 che uno schizzo e un modello all&#8217;epoca. Perch\u00e9 allora non riproporre (in piazza, a Milano!) il Monumento ai Caduti di Marzo, grandiosa costruzione scultorea \u2013 qui esposta nei disegni \u2013 con cui Gropius anticip\u00f2 l&#8217;odierno immaginario decostruttivista? Eppure anche queste perplessit\u00e0 partigiane vengono sciolte dall&#8217;attrazione magnetica verso il nucleo della mostra, le tracce dell&#8217;attivit\u00e0 didattica del Bauhaus. Nei religiosi, rivelatori studi alla D\u00fcrer su poveri oggetti si comprende l&#8217;importanza sublime data nella Scuola alla comprensione della struttura materiale del mondo, cos\u00ec spesso ignota alle nuove generazioni di progettisti. Analisi cromatiche e morfologiche parlano di variet\u00e0 invece che di standard. <\/p>\n\n\n\n<div class=\"wp-block-image\"><figure class=\"aligncenter size-large\"><img loading=\"lazy\" decoding=\"async\" width=\"762\" height=\"1024\" src=\"https:\/\/www.listonegiordano.com\/one\/wp-content\/uploads\/2021\/07\/6-Lou-Scheper-Berkenkamp-_Lettera-Adriatica_-1927_28-_-Letter-_phantastiken1-762x1024.jpg\" alt=\"\" class=\"wp-image-14615\" srcset=\"https:\/\/www.listonegiordano.com\/one\/wp-content\/uploads\/2021\/07\/6-Lou-Scheper-Berkenkamp-_Lettera-Adriatica_-1927_28-_-Letter-_phantastiken1-762x1024.jpg 762w, https:\/\/www.listonegiordano.com\/one\/wp-content\/uploads\/2021\/07\/6-Lou-Scheper-Berkenkamp-_Lettera-Adriatica_-1927_28-_-Letter-_phantastiken1-223x300.jpg 223w, https:\/\/www.listonegiordano.com\/one\/wp-content\/uploads\/2021\/07\/6-Lou-Scheper-Berkenkamp-_Lettera-Adriatica_-1927_28-_-Letter-_phantastiken1-768x1032.jpg 768w, https:\/\/www.listonegiordano.com\/one\/wp-content\/uploads\/2021\/07\/6-Lou-Scheper-Berkenkamp-_Lettera-Adriatica_-1927_28-_-Letter-_phantastiken1-372x500.jpg 372w, https:\/\/www.listonegiordano.com\/one\/wp-content\/uploads\/2021\/07\/6-Lou-Scheper-Berkenkamp-_Lettera-Adriatica_-1927_28-_-Letter-_phantastiken1.jpg 1000w\" sizes=\"auto, (max-width: 762px) 100vw, 762px\" \/><figcaption>Lou Scheper Berkenkamp, &#8220;Lettera Adriatica&#8221; a Maria Rasch, 1927\/28:&nbsp; designer del colore, gi\u00e0 studente del Bauhaus, moglie del maestro di pittura murale Dirk Scheper, lavora con Oskar Schlemmer all&#8217;opera &#8220;Balletto Triadico&#8221;<\/figcaption><\/figure><\/div>\n\n\n\n<p class=\"wp-block-paragraph\">Le sghignazzanti, scompigliate figure di maestri e studenti abbracciati in danze, spettacoli e divertimenti, i quadri-appunti di Karl Hubbuch che ritraggono i mobili di Bruer nel quotidiano vissuto dell&#8217;artista e della moglie Tilde, i disegni di macchine, scene e marionette per il teatro, rimandano l&#8217;idea di un&#8217;ingenua, felice stagione per la gaia scienza della creazione. Muti e commossi, si legge la brevissima didascalia della foto simultanea di Lotte Beese (poi moglie di Mart Stam), che ritrae contemporaneamente gli atelier di Dessau e il giovane volto di Otti Berger: allieva del Bauhaus, ebrea, nata nel 1898, uccisa nel campo di concentramento di Auschwitz nel 1944.<\/p>\n\n\n\n<p class=\"wp-block-paragraph\"><em><br>*tradotto in italiano con il titolo &#8220;Maledetti architetti&#8221;<br>** BAUHAUS 1919-1933 Da Klee a Kandinsky, da Gropius a Mies van der Rohe, a cura di Marco De<br>Michelis e Agnes Kohlmeyer, Mazzotta Editore, Milano 1996<\/em><\/p>\n\n\n\n<hr class=\"wp-block-separator\"\/>\n\n\n\t\r\n\t\t\t\t\t\n<div class=\"wp-block-group\"><div class=\"wp-block-group__inner-container is-layout-constrained wp-block-group-is-layout-constrained\">\n<p class=\"wp-block-paragraph\"><strong>Seguici sui nostri canali per restare sempre aggiornato: <\/strong><\/p>\n\n\n\n<ul class=\"has-white-color has-black-background-color has-text-color has-background has-link-color wp-block-list wp-elements-22151444a665cce6c776750adbab5190\">\n<li><a href=\"https:\/\/t.me\/listonegiordanoofficial\">Canale Telegram<\/a><\/li>\n\n\n\n<li><a href=\"https:\/\/whatsapp.com\/channel\/0029VaR7wuhCnA7pPd7rte40\">Canale Whatsapp<\/a><\/li>\n\n\n\n<li><a href=\"https:\/\/www.instagram.com\/listonegiordano\/\">Instagram <\/a><\/li>\n\n\n\n<li><a href=\"https:\/\/www.facebook.com\/listonegiordanoitalia\">Facebook<\/a><\/li>\n\n\n\n<li><a href=\"https:\/\/www.linkedin.com\/company\/listone-giordano\">Linkedin<\/a><\/li>\n<\/ul>\n<\/div><\/div>\n\t\t<div class=\"related-posts\">\r\n\t\t\t<h3 class=\"lusitana medium-font green roboto align-center row-padding\"><span>Related Articles<\/span><\/h3>\r\n\t\t\t<div class=\"container white-bkg\">\r\n\t\t\t\t\t\t\t\t\t\t\t\t\t\t\t\t\t\t\r\n\t\t\t\t\t<div class=\"regular-article column-of-4 left col-padding row-padding\">\r\n\t\t\t\t\t\t<a class=\"image not-mobile\" href=\"https:\/\/www.listonegiordano.com\/one\/design\/alma-siedhoff-buscher-bauhaus\/\" rel=\"bookmark\"><img decoding=\"async\" class=\"cover\" src=\"https:\/\/www.listonegiordano.com\/one\/wp-content\/uploads\/2021\/06\/Alma-Siedhoff-Buscher-bauspiel-500x333.jpeg\" loading=\"lazy\"><\/a>\r\n\t\t\t\t\t\t<div class=\"postedby-on roboto tiny-font\">\t<span class=\"lower byline\">di<\/span> <span class=\"byline\"><span class=\"author vcard\"><a class=\"url fn n\" href=\"https:\/\/www.listonegiordano.com\/one\/author\/debora\/\">Debora Vella<\/a><\/span><\/span>\t<span class=\"posted-on\"> &#8211; 5 anni fa<\/span><\/div>\t\t\t\t\t\t<h2 class=\"title lusitana small-font\"><a href=\"https:\/\/www.listonegiordano.com\/one\/design\/alma-siedhoff-buscher-bauhaus\/\" rel=\"bookmark\">L\u2019anima &#8220;ludica&#8221; del Bauhaus secondo Alma Siedhoff-Buscher<\/a><\/h2>\r\n\t\t\t\t\t<\/div>\r\n\t\t\t\t\t\t\t\t\t\t\t\t\t\t\t\t\t\t\t\t\t\t\t\r\n\t\t\t\t\t<div class=\"regular-article column-of-4 left col-padding row-padding\">\r\n\t\t\t\t\t\t<a class=\"image not-mobile\" href=\"https:\/\/www.listonegiordano.com\/one\/design\/anni-albers\/\" rel=\"bookmark\"><img decoding=\"async\" class=\"cover\" src=\"https:\/\/www.listonegiordano.com\/one\/wp-content\/uploads\/2021\/05\/annie-albers-picture-500x281.jpeg\" loading=\"lazy\"><\/a>\r\n\t\t\t\t\t\t<div class=\"postedby-on roboto tiny-font\">\t<span class=\"lower byline\">di<\/span> <span class=\"byline\"><span class=\"author vcard\"><a class=\"url fn n\" href=\"https:\/\/www.listonegiordano.com\/one\/author\/debora\/\">Debora Vella<\/a><\/span><\/span>\t<span class=\"posted-on\"> &#8211; 5 anni fa<\/span><\/div>\t\t\t\t\t\t<h2 class=\"title lusitana small-font\"><a href=\"https:\/\/www.listonegiordano.com\/one\/design\/anni-albers\/\" rel=\"bookmark\">Anni Albers, la designer che fece sua l&#8217;arte di Penelope<\/a><\/h2>\r\n\t\t\t\t\t<\/div>\r\n\t\t\t\t\t\t\t\t\t\t\t\t\t\t\t\t\t\t\t\t\t\t\t\t\t<br class=\"separator-mobile clear\">\r\n\t\t\t\t\t\t\t\t\t\r\n\t\t\t\t\t<div class=\"regular-article column-of-4 left col-padding row-padding\">\r\n\t\t\t\t\t\t<a class=\"image not-mobile\" href=\"https:\/\/www.listonegiordano.com\/one\/architettura\/ise-frank-gropius\/\" rel=\"bookmark\"><img decoding=\"async\" class=\"cover\" src=\"https:\/\/www.listonegiordano.com\/one\/wp-content\/uploads\/2020\/11\/walter-and-ise-gropius-500x283.jpg\" loading=\"lazy\"><\/a>\r\n\t\t\t\t\t\t<div class=\"postedby-on roboto tiny-font\">\t<span class=\"lower byline\">di<\/span> <span class=\"byline\"><span class=\"author vcard\"><a class=\"url fn n\" href=\"https:\/\/www.listonegiordano.com\/one\/author\/decaro\/\">Maurizio De Caro<\/a><\/span><\/span>\t<span class=\"posted-on\"> &#8211; 5 anni fa<\/span><\/div>\t\t\t\t\t\t<h2 class=\"title lusitana small-font\"><a href=\"https:\/\/www.listonegiordano.com\/one\/architettura\/ise-frank-gropius\/\" rel=\"bookmark\">L\u2019amore, il sogno e la storia tra Ise Frank e Walter Gropius<\/a><\/h2>\r\n\t\t\t\t\t<\/div>\r\n\t\t\t\t\t\t\t\t\t\t\t\t\t\t\t\t\t\t\t\t\t\t\t\r\n\t\t\t\t\t<div class=\"regular-article column-of-4 left col-padding row-padding\">\r\n\t\t\t\t\t\t<a class=\"image not-mobile\" href=\"https:\/\/www.listonegiordano.com\/one\/architettura\/new-bauhaus-revolution\/\" rel=\"bookmark\"><img decoding=\"async\" class=\"cover\" src=\"https:\/\/www.listonegiordano.com\/one\/wp-content\/uploads\/2020\/10\/bauhaus--500x355.jpg\" loading=\"lazy\"><\/a>\r\n\t\t\t\t\t\t<div class=\"postedby-on roboto tiny-font\">\t<span class=\"lower byline\">di<\/span> <span class=\"byline\"><span class=\"author vcard\"><a class=\"url fn n\" href=\"https:\/\/www.listonegiordano.com\/one\/author\/decaro\/\">Maurizio De Caro<\/a><\/span><\/span>\t<span class=\"posted-on\"> &#8211; 5 anni fa<\/span><\/div>\t\t\t\t\t\t<h2 class=\"title lusitana small-font\"><a href=\"https:\/\/www.listonegiordano.com\/one\/architettura\/new-bauhaus-revolution\/\" rel=\"bookmark\">A new Bauhaus revolution<\/a><\/h2>\r\n\t\t\t\t\t<\/div>\r\n\t\t\t\t\t\t\t\t\t\t\t\t\t<br class=\"clear\">\r\n\t\t\t<\/div>\r\n\t\t<\/div>\r\n\t\t","protected":false},"excerpt":{"rendered":"<p>Nella speranzosa utopia UE di un \u201cNuovo Bauhaus Europeo\u201d non va dimenticata la matrice esistenziale e spirituale di una Scuola [&hellip;]<\/p>\n","protected":false},"author":7,"featured_media":10245,"comment_status":"closed","ping_status":"closed","sticky":false,"template":"","format":"standard","meta":{"area":"","groups":"","preview":"","columns":"","rows":"","footnotes":""},"categories":[4],"tags":[],"class_list":["post-14596","post","type-post","status-publish","format-standard","has-post-thumbnail","hentry","category-design"],"featured_image_src":"https:\/\/www.listonegiordano.com\/one\/wp-content\/uploads\/2020\/10\/bauhaus--150x150.jpg","yoast_head":"<!-- This site is optimized with the Yoast SEO Premium plugin v28.1 (Yoast SEO v28.1) - https:\/\/yoast.com\/product\/yoast-seo-premium-wordpress\/ -->\n<title>Bauhaus: essere o non essere? | One Listone Giordano<\/title>\n<meta name=\"robots\" content=\"index, follow, max-snippet:-1, max-image-preview:large, max-video-preview:-1\" \/>\n<link rel=\"canonical\" href=\"https:\/\/www.listonegiordano.com\/one\/design\/bauhaus-essere-o-non-essere\/\" \/>\n<meta property=\"og:locale\" content=\"it_IT\" \/>\n<meta property=\"og:type\" content=\"article\" \/>\n<meta property=\"og:title\" content=\"Bauhaus: essere o non essere?\" \/>\n<meta property=\"og:description\" content=\"Nella speranzosa utopia UE di un \u201cNuovo Bauhaus Europeo\u201d non va dimenticata la matrice esistenziale e spirituale di una Scuola di design e architettura\" \/>\n<meta property=\"og:url\" content=\"https:\/\/www.listonegiordano.com\/one\/design\/bauhaus-essere-o-non-essere\/\" \/>\n<meta property=\"og:site_name\" content=\"One Listone Giordano\" \/>\n<meta property=\"article:publisher\" content=\"https:\/\/www.facebook.com\/listonegiordanoitalia\/\" \/>\n<meta property=\"article:published_time\" content=\"2021-07-02T09:48:29+00:00\" \/>\n<meta property=\"article:modified_time\" content=\"2021-07-02T14:41:16+00:00\" \/>\n<meta property=\"og:image\" content=\"https:\/\/www.listonegiordano.com\/one\/wp-content\/uploads\/2020\/10\/bauhaus-.jpg\" \/>\n\t<meta property=\"og:image:width\" content=\"766\" \/>\n\t<meta property=\"og:image:height\" content=\"544\" \/>\n\t<meta property=\"og:image:type\" content=\"image\/jpeg\" \/>\n<meta name=\"author\" content=\"Stefano Casciani\" \/>\n<meta name=\"twitter:card\" content=\"summary_large_image\" \/>\n<meta name=\"twitter:label1\" content=\"Scritto da\" \/>\n\t<meta name=\"twitter:data1\" content=\"Stefano Casciani\" \/>\n\t<meta name=\"twitter:label2\" content=\"Tempo di lettura stimato\" \/>\n\t<meta name=\"twitter:data2\" content=\"8 minuti\" \/>\n<script type=\"application\/ld+json\" class=\"yoast-schema-graph\">{\"@context\":\"https:\\\/\\\/schema.org\",\"@graph\":[{\"@type\":\"Article\",\"@id\":\"https:\\\/\\\/www.listonegiordano.com\\\/one\\\/design\\\/bauhaus-essere-o-non-essere\\\/#article\",\"isPartOf\":{\"@id\":\"https:\\\/\\\/www.listonegiordano.com\\\/one\\\/design\\\/bauhaus-essere-o-non-essere\\\/\"},\"author\":{\"name\":\"Stefano Casciani\",\"@id\":\"https:\\\/\\\/www.listonegiordano.com\\\/one\\\/#\\\/schema\\\/person\\\/b714f84bea34cde4dd031939b72dcb7b\"},\"headline\":\"Bauhaus: essere o non essere?\",\"datePublished\":\"2021-07-02T09:48:29+00:00\",\"dateModified\":\"2021-07-02T14:41:16+00:00\",\"mainEntityOfPage\":{\"@id\":\"https:\\\/\\\/www.listonegiordano.com\\\/one\\\/design\\\/bauhaus-essere-o-non-essere\\\/\"},\"wordCount\":1400,\"publisher\":{\"@id\":\"https:\\\/\\\/www.listonegiordano.com\\\/one\\\/#organization\"},\"image\":{\"@id\":\"https:\\\/\\\/www.listonegiordano.com\\\/one\\\/design\\\/bauhaus-essere-o-non-essere\\\/#primaryimage\"},\"thumbnailUrl\":\"https:\\\/\\\/www.listonegiordano.com\\\/one\\\/wp-content\\\/uploads\\\/2020\\\/10\\\/bauhaus-.jpg\",\"articleSection\":[\"Design\"],\"inLanguage\":\"it-IT\"},{\"@type\":\"WebPage\",\"@id\":\"https:\\\/\\\/www.listonegiordano.com\\\/one\\\/design\\\/bauhaus-essere-o-non-essere\\\/\",\"url\":\"https:\\\/\\\/www.listonegiordano.com\\\/one\\\/design\\\/bauhaus-essere-o-non-essere\\\/\",\"name\":\"Bauhaus: essere o non essere? | One Listone Giordano\",\"isPartOf\":{\"@id\":\"https:\\\/\\\/www.listonegiordano.com\\\/one\\\/#website\"},\"primaryImageOfPage\":{\"@id\":\"https:\\\/\\\/www.listonegiordano.com\\\/one\\\/design\\\/bauhaus-essere-o-non-essere\\\/#primaryimage\"},\"image\":{\"@id\":\"https:\\\/\\\/www.listonegiordano.com\\\/one\\\/design\\\/bauhaus-essere-o-non-essere\\\/#primaryimage\"},\"thumbnailUrl\":\"https:\\\/\\\/www.listonegiordano.com\\\/one\\\/wp-content\\\/uploads\\\/2020\\\/10\\\/bauhaus-.jpg\",\"datePublished\":\"2021-07-02T09:48:29+00:00\",\"dateModified\":\"2021-07-02T14:41:16+00:00\",\"breadcrumb\":{\"@id\":\"https:\\\/\\\/www.listonegiordano.com\\\/one\\\/design\\\/bauhaus-essere-o-non-essere\\\/#breadcrumb\"},\"inLanguage\":\"it-IT\",\"potentialAction\":[{\"@type\":\"ReadAction\",\"target\":[\"https:\\\/\\\/www.listonegiordano.com\\\/one\\\/design\\\/bauhaus-essere-o-non-essere\\\/\"]}]},{\"@type\":\"ImageObject\",\"inLanguage\":\"it-IT\",\"@id\":\"https:\\\/\\\/www.listonegiordano.com\\\/one\\\/design\\\/bauhaus-essere-o-non-essere\\\/#primaryimage\",\"url\":\"https:\\\/\\\/www.listonegiordano.com\\\/one\\\/wp-content\\\/uploads\\\/2020\\\/10\\\/bauhaus-.jpg\",\"contentUrl\":\"https:\\\/\\\/www.listonegiordano.com\\\/one\\\/wp-content\\\/uploads\\\/2020\\\/10\\\/bauhaus-.jpg\",\"width\":766,\"height\":544,\"caption\":\"bauhaus - arte e design\"},{\"@type\":\"BreadcrumbList\",\"@id\":\"https:\\\/\\\/www.listonegiordano.com\\\/one\\\/design\\\/bauhaus-essere-o-non-essere\\\/#breadcrumb\",\"itemListElement\":[{\"@type\":\"ListItem\",\"position\":1,\"name\":\"Home\",\"item\":\"https:\\\/\\\/www.listonegiordano.com\\\/one\\\/\"},{\"@type\":\"ListItem\",\"position\":2,\"name\":\"Bauhaus: essere o non essere?\"}]},{\"@type\":\"WebSite\",\"@id\":\"https:\\\/\\\/www.listonegiordano.com\\\/one\\\/#website\",\"url\":\"https:\\\/\\\/www.listonegiordano.com\\\/one\\\/\",\"name\":\"One Listone Giordano\",\"description\":\"Il magazine sull&#039;Architettura e Design firmato Listone Giordano\",\"publisher\":{\"@id\":\"https:\\\/\\\/www.listonegiordano.com\\\/one\\\/#organization\"},\"potentialAction\":[{\"@type\":\"SearchAction\",\"target\":{\"@type\":\"EntryPoint\",\"urlTemplate\":\"https:\\\/\\\/www.listonegiordano.com\\\/one\\\/?s={search_term_string}\"},\"query-input\":{\"@type\":\"PropertyValueSpecification\",\"valueRequired\":true,\"valueName\":\"search_term_string\"}}],\"inLanguage\":\"it-IT\"},{\"@type\":\"Organization\",\"@id\":\"https:\\\/\\\/www.listonegiordano.com\\\/one\\\/#organization\",\"name\":\"One Listone Giordano\",\"url\":\"https:\\\/\\\/www.listonegiordano.com\\\/one\\\/\",\"logo\":{\"@type\":\"ImageObject\",\"inLanguage\":\"it-IT\",\"@id\":\"https:\\\/\\\/www.listonegiordano.com\\\/one\\\/#\\\/schema\\\/logo\\\/image\\\/\",\"url\":\"https:\\\/\\\/www.listonegiordano.com\\\/one\\\/wp-content\\\/uploads\\\/2019\\\/08\\\/MLG-19-immagine_profilo_redazione-1.jpg\",\"contentUrl\":\"https:\\\/\\\/www.listonegiordano.com\\\/one\\\/wp-content\\\/uploads\\\/2019\\\/08\\\/MLG-19-immagine_profilo_redazione-1.jpg\",\"width\":900,\"height\":600,\"caption\":\"One Listone Giordano\"},\"image\":{\"@id\":\"https:\\\/\\\/www.listonegiordano.com\\\/one\\\/#\\\/schema\\\/logo\\\/image\\\/\"},\"sameAs\":[\"https:\\\/\\\/www.facebook.com\\\/listonegiordanoitalia\\\/\",\"https:\\\/\\\/www.instagram.com\\\/listonegiordano\\\/\",\"https:\\\/\\\/www.linkedin.com\\\/company\\\/listone-giordano\\\/\",\"https:\\\/\\\/www.pinterest.it\\\/listoneg\",\"https:\\\/\\\/www.youtube.com\\\/user\\\/ListoneGiordano01\",\"https:\\\/\\\/it.wikipedia.org\\\/wiki\\\/Listone_Giordano\"]},{\"@type\":\"Person\",\"@id\":\"https:\\\/\\\/www.listonegiordano.com\\\/one\\\/#\\\/schema\\\/person\\\/b714f84bea34cde4dd031939b72dcb7b\",\"name\":\"Stefano Casciani\",\"description\":\"Nasce a Roma il 9 aprile 1955 e dopo gli studi di letteratura, architettura e design si trasferisce a Milano nel 1979, chiamato da Alessandro Mendini come redattore freelance della rivista . A 25 anni \u00e8 art director e responsabile dell'immagine per Zanotta, partecipa alle attivit\u00e0 sperimentali dello Studio Alchimia e inizia l'attivit\u00e0 di consulente per la comunicazione, art director e designer per numerose aziende, tra cui Bticino (dove collabora a diversi allestimenti con Achille Castiglioni), Driade, Boffi Bisazza, Oluce, che lo porter\u00e0 ad essere riconosciuto come una singolare figura di scrittore, critico e al tempo stesso progettista. Particolarmente interessato alla ricerca sull'integrazione tra le diverse forme espressive, tra il 1987 e il 1990 opera attraverso lo studio S.A.D con cui realizza prototipi e oggetti e partecipa a numerose mostre in gallerie d'arte e musei, dal Louisiana Museum di Copenhagen alla Biennale di Venezia, dalla Triennale di Milano alla Galleria Nazionale d'Arte Moderna a Roma. Dalla fine degli anni 80 inizia con Gabi Faeh la progettazione e la produzione di una serie di oggetti (principalmente vasi da fiori) dove esplora la poetica di forme e materiali, in una dichiarazione di indipendenza dall'industria. Tra il 1999 e il 2000 cura per la RAI il programma Lezioni di Design (Premio Compasso d'oro 2001 per la ricerca). Prosegue l'attivit\u00e0 di designer con l'azienda USA Ivalo Lightning con la serie di apparecchi illuminanti Aliante, che nel 2001 ottiene il Lightning for Tomorrow Award. Nel 2003 la Fondazione Jacqueline Vodoz e Bruno Danese di Milano ospita la sua retrospettiva personale . Autore di centinaia di articoli, saggi e molti libri su architettura, arte e design, ha pubblicato monografie su Pierre Restany, Ettore Sottsass, Massimiliano Fuksas. Dall'aprile 2000 al 2011 \u00e8 stato vice direttore di Domus, nel 2012 fonda con Paola Bellani la rivista (su carta) disegno. la nuova cultura industriale. Dal 2011 \u00e8 membro dell'Advisory Board della Fondazione Bisazza. Nel 2012 \u00e8 co-curatore (e poi membro della Giulia Internazionale) del concorso Nuovo Campus Universit\u00e0 Bocconi. Dal 2012 \u00e8 Direttore Scientifico di \\\"ArcVision Prize. Women and Architecture\\\" di Italcementi Group. Nel 2017 \u00e8 nominato Italian Design Ambassador dalla Triennale di Milano e dal Ministero degli Esteri. Nel 2019 presenta allo spazio Arena Listone Giordano di Milano la produzione realizzata negli anni con Gabi Faeh, nella mostra \\\"Nuove Forme e Colori del Vuoto. Stefano Casciani + Gabi Faeh. Progetti e oggetti 1993\\\/2019\\\"\",\"url\":\"https:\\\/\\\/www.listonegiordano.com\\\/one\\\/author\\\/stefano-casciani\\\/\"}]}<\/script>\n<!-- \/ Yoast SEO Premium plugin. -->","yoast_head_json":{"title":"Bauhaus: essere o non essere? | One Listone Giordano","robots":{"index":"index","follow":"follow","max-snippet":"max-snippet:-1","max-image-preview":"max-image-preview:large","max-video-preview":"max-video-preview:-1"},"canonical":"https:\/\/www.listonegiordano.com\/one\/design\/bauhaus-essere-o-non-essere\/","og_locale":"it_IT","og_type":"article","og_title":"Bauhaus: essere o non essere?","og_description":"Nella speranzosa utopia UE di un \u201cNuovo Bauhaus Europeo\u201d non va dimenticata la matrice esistenziale e spirituale di una Scuola di design e architettura","og_url":"https:\/\/www.listonegiordano.com\/one\/design\/bauhaus-essere-o-non-essere\/","og_site_name":"One Listone Giordano","article_publisher":"https:\/\/www.facebook.com\/listonegiordanoitalia\/","article_published_time":"2021-07-02T09:48:29+00:00","article_modified_time":"2021-07-02T14:41:16+00:00","og_image":[{"width":766,"height":544,"url":"https:\/\/www.listonegiordano.com\/one\/wp-content\/uploads\/2020\/10\/bauhaus-.jpg","type":"image\/jpeg"}],"author":"Stefano Casciani","twitter_card":"summary_large_image","twitter_misc":{"Scritto da":"Stefano Casciani","Tempo di lettura stimato":"8 minuti"},"schema":{"@context":"https:\/\/schema.org","@graph":[{"@type":"Article","@id":"https:\/\/www.listonegiordano.com\/one\/design\/bauhaus-essere-o-non-essere\/#article","isPartOf":{"@id":"https:\/\/www.listonegiordano.com\/one\/design\/bauhaus-essere-o-non-essere\/"},"author":{"name":"Stefano Casciani","@id":"https:\/\/www.listonegiordano.com\/one\/#\/schema\/person\/b714f84bea34cde4dd031939b72dcb7b"},"headline":"Bauhaus: essere o non essere?","datePublished":"2021-07-02T09:48:29+00:00","dateModified":"2021-07-02T14:41:16+00:00","mainEntityOfPage":{"@id":"https:\/\/www.listonegiordano.com\/one\/design\/bauhaus-essere-o-non-essere\/"},"wordCount":1400,"publisher":{"@id":"https:\/\/www.listonegiordano.com\/one\/#organization"},"image":{"@id":"https:\/\/www.listonegiordano.com\/one\/design\/bauhaus-essere-o-non-essere\/#primaryimage"},"thumbnailUrl":"https:\/\/www.listonegiordano.com\/one\/wp-content\/uploads\/2020\/10\/bauhaus-.jpg","articleSection":["Design"],"inLanguage":"it-IT"},{"@type":"WebPage","@id":"https:\/\/www.listonegiordano.com\/one\/design\/bauhaus-essere-o-non-essere\/","url":"https:\/\/www.listonegiordano.com\/one\/design\/bauhaus-essere-o-non-essere\/","name":"Bauhaus: essere o non essere? | One Listone Giordano","isPartOf":{"@id":"https:\/\/www.listonegiordano.com\/one\/#website"},"primaryImageOfPage":{"@id":"https:\/\/www.listonegiordano.com\/one\/design\/bauhaus-essere-o-non-essere\/#primaryimage"},"image":{"@id":"https:\/\/www.listonegiordano.com\/one\/design\/bauhaus-essere-o-non-essere\/#primaryimage"},"thumbnailUrl":"https:\/\/www.listonegiordano.com\/one\/wp-content\/uploads\/2020\/10\/bauhaus-.jpg","datePublished":"2021-07-02T09:48:29+00:00","dateModified":"2021-07-02T14:41:16+00:00","breadcrumb":{"@id":"https:\/\/www.listonegiordano.com\/one\/design\/bauhaus-essere-o-non-essere\/#breadcrumb"},"inLanguage":"it-IT","potentialAction":[{"@type":"ReadAction","target":["https:\/\/www.listonegiordano.com\/one\/design\/bauhaus-essere-o-non-essere\/"]}]},{"@type":"ImageObject","inLanguage":"it-IT","@id":"https:\/\/www.listonegiordano.com\/one\/design\/bauhaus-essere-o-non-essere\/#primaryimage","url":"https:\/\/www.listonegiordano.com\/one\/wp-content\/uploads\/2020\/10\/bauhaus-.jpg","contentUrl":"https:\/\/www.listonegiordano.com\/one\/wp-content\/uploads\/2020\/10\/bauhaus-.jpg","width":766,"height":544,"caption":"bauhaus - arte e design"},{"@type":"BreadcrumbList","@id":"https:\/\/www.listonegiordano.com\/one\/design\/bauhaus-essere-o-non-essere\/#breadcrumb","itemListElement":[{"@type":"ListItem","position":1,"name":"Home","item":"https:\/\/www.listonegiordano.com\/one\/"},{"@type":"ListItem","position":2,"name":"Bauhaus: essere o non essere?"}]},{"@type":"WebSite","@id":"https:\/\/www.listonegiordano.com\/one\/#website","url":"https:\/\/www.listonegiordano.com\/one\/","name":"One Listone Giordano","description":"Il magazine sull&#039;Architettura e Design firmato Listone Giordano","publisher":{"@id":"https:\/\/www.listonegiordano.com\/one\/#organization"},"potentialAction":[{"@type":"SearchAction","target":{"@type":"EntryPoint","urlTemplate":"https:\/\/www.listonegiordano.com\/one\/?s={search_term_string}"},"query-input":{"@type":"PropertyValueSpecification","valueRequired":true,"valueName":"search_term_string"}}],"inLanguage":"it-IT"},{"@type":"Organization","@id":"https:\/\/www.listonegiordano.com\/one\/#organization","name":"One Listone Giordano","url":"https:\/\/www.listonegiordano.com\/one\/","logo":{"@type":"ImageObject","inLanguage":"it-IT","@id":"https:\/\/www.listonegiordano.com\/one\/#\/schema\/logo\/image\/","url":"https:\/\/www.listonegiordano.com\/one\/wp-content\/uploads\/2019\/08\/MLG-19-immagine_profilo_redazione-1.jpg","contentUrl":"https:\/\/www.listonegiordano.com\/one\/wp-content\/uploads\/2019\/08\/MLG-19-immagine_profilo_redazione-1.jpg","width":900,"height":600,"caption":"One Listone Giordano"},"image":{"@id":"https:\/\/www.listonegiordano.com\/one\/#\/schema\/logo\/image\/"},"sameAs":["https:\/\/www.facebook.com\/listonegiordanoitalia\/","https:\/\/www.instagram.com\/listonegiordano\/","https:\/\/www.linkedin.com\/company\/listone-giordano\/","https:\/\/www.pinterest.it\/listoneg","https:\/\/www.youtube.com\/user\/ListoneGiordano01","https:\/\/it.wikipedia.org\/wiki\/Listone_Giordano"]},{"@type":"Person","@id":"https:\/\/www.listonegiordano.com\/one\/#\/schema\/person\/b714f84bea34cde4dd031939b72dcb7b","name":"Stefano Casciani","description":"Nasce a Roma il 9 aprile 1955 e dopo gli studi di letteratura, architettura e design si trasferisce a Milano nel 1979, chiamato da Alessandro Mendini come redattore freelance della rivista . A 25 anni \u00e8 art director e responsabile dell'immagine per Zanotta, partecipa alle attivit\u00e0 sperimentali dello Studio Alchimia e inizia l'attivit\u00e0 di consulente per la comunicazione, art director e designer per numerose aziende, tra cui Bticino (dove collabora a diversi allestimenti con Achille Castiglioni), Driade, Boffi Bisazza, Oluce, che lo porter\u00e0 ad essere riconosciuto come una singolare figura di scrittore, critico e al tempo stesso progettista. Particolarmente interessato alla ricerca sull'integrazione tra le diverse forme espressive, tra il 1987 e il 1990 opera attraverso lo studio S.A.D con cui realizza prototipi e oggetti e partecipa a numerose mostre in gallerie d'arte e musei, dal Louisiana Museum di Copenhagen alla Biennale di Venezia, dalla Triennale di Milano alla Galleria Nazionale d'Arte Moderna a Roma. Dalla fine degli anni 80 inizia con Gabi Faeh la progettazione e la produzione di una serie di oggetti (principalmente vasi da fiori) dove esplora la poetica di forme e materiali, in una dichiarazione di indipendenza dall'industria. Tra il 1999 e il 2000 cura per la RAI il programma Lezioni di Design (Premio Compasso d'oro 2001 per la ricerca). Prosegue l'attivit\u00e0 di designer con l'azienda USA Ivalo Lightning con la serie di apparecchi illuminanti Aliante, che nel 2001 ottiene il Lightning for Tomorrow Award. Nel 2003 la Fondazione Jacqueline Vodoz e Bruno Danese di Milano ospita la sua retrospettiva personale . Autore di centinaia di articoli, saggi e molti libri su architettura, arte e design, ha pubblicato monografie su Pierre Restany, Ettore Sottsass, Massimiliano Fuksas. Dall'aprile 2000 al 2011 \u00e8 stato vice direttore di Domus, nel 2012 fonda con Paola Bellani la rivista (su carta) disegno. la nuova cultura industriale. Dal 2011 \u00e8 membro dell'Advisory Board della Fondazione Bisazza. Nel 2012 \u00e8 co-curatore (e poi membro della Giulia Internazionale) del concorso Nuovo Campus Universit\u00e0 Bocconi. Dal 2012 \u00e8 Direttore Scientifico di \"ArcVision Prize. Women and Architecture\" di Italcementi Group. Nel 2017 \u00e8 nominato Italian Design Ambassador dalla Triennale di Milano e dal Ministero degli Esteri. Nel 2019 presenta allo spazio Arena Listone Giordano di Milano la produzione realizzata negli anni con Gabi Faeh, nella mostra \"Nuove Forme e Colori del Vuoto. Stefano Casciani + Gabi Faeh. Progetti e oggetti 1993\/2019\"","url":"https:\/\/www.listonegiordano.com\/one\/author\/stefano-casciani\/"}]}},"amp_enabled":true,"_links":{"self":[{"href":"https:\/\/www.listonegiordano.com\/one\/wp-json\/wp\/v2\/posts\/14596","targetHints":{"allow":["GET"]}}],"collection":[{"href":"https:\/\/www.listonegiordano.com\/one\/wp-json\/wp\/v2\/posts"}],"about":[{"href":"https:\/\/www.listonegiordano.com\/one\/wp-json\/wp\/v2\/types\/post"}],"author":[{"embeddable":true,"href":"https:\/\/www.listonegiordano.com\/one\/wp-json\/wp\/v2\/users\/7"}],"replies":[{"embeddable":true,"href":"https:\/\/www.listonegiordano.com\/one\/wp-json\/wp\/v2\/comments?post=14596"}],"version-history":[{"count":11,"href":"https:\/\/www.listonegiordano.com\/one\/wp-json\/wp\/v2\/posts\/14596\/revisions"}],"predecessor-version":[{"id":14657,"href":"https:\/\/www.listonegiordano.com\/one\/wp-json\/wp\/v2\/posts\/14596\/revisions\/14657"}],"wp:featuredmedia":[{"embeddable":true,"href":"https:\/\/www.listonegiordano.com\/one\/wp-json\/wp\/v2\/media\/10245"}],"wp:attachment":[{"href":"https:\/\/www.listonegiordano.com\/one\/wp-json\/wp\/v2\/media?parent=14596"}],"wp:term":[{"taxonomy":"category","embeddable":true,"href":"https:\/\/www.listonegiordano.com\/one\/wp-json\/wp\/v2\/categories?post=14596"},{"taxonomy":"post_tag","embeddable":true,"href":"https:\/\/www.listonegiordano.com\/one\/wp-json\/wp\/v2\/tags?post=14596"}],"curies":[{"name":"wp","href":"https:\/\/api.w.org\/{rel}","templated":true}]}}