{"id":30695,"date":"2026-09-01T11:42:56","date_gmt":"2026-09-01T09:42:56","guid":{"rendered":"https:\/\/www.listonegiordano.com\/one\/?p=30695"},"modified":"2026-09-01T11:44:16","modified_gmt":"2026-09-01T09:44:16","slug":"tommaso-campanella-la-citta-del-sole","status":"publish","type":"post","link":"https:\/\/www.listonegiordano.com\/one\/cultura\/tommaso-campanella-la-citta-del-sole\/","title":{"rendered":"Elogio della rilettura, Tommaso Campanella: La citt\u00e0 del\u00a0Sole"},"content":{"rendered":"\n<p><em>&#8220;Dove tutto \u00e8 privato, e i soldi sono la misura di tutte le cose, \u00e8 quasi impossibile che lo Stato sia governato con giustizia o che prosperi&#8221; <\/em>(Thomas More, Utopia).<\/p>\n\n<p>La citt\u00e0 del Sole pu\u00f2 essere riletta oggi come bussola etica contemporanea o rimane semplicemente un&#8217;architettura dell&#8217;utopia? Forse, in un&#8217;epoca spesso percepita come frammentata da individualismi esasperati e crisi di senso, l&#8217;utopia cessa di essere un mero esercizio letterario per trasformarsi in una necessit\u00e0 filosofica. Il capolavoro di Tommaso Campanella scritto nel 1602 durante la sua lunga prigionia (ben 27 anni, accusato di congiura politico-religiosa per liberare la Calabria dal dominio spagnolo), non \u00e8 solo il sogno di un frate domenicano ribelle, ma un progetto di rigenerazione umana (e anche urbana). <\/p>\n\n<p>Composta in un&#8217;Italia dominata dalla Controriforma, l&#8217;opera si imposta su un dialogo tra un Ospitalario, dell&#8217;Ordine dei Cavalieri di Malta, e un marinaio Genovese sul tema di una societ\u00e0 perfetta situata sull&#8217;isola di Taprobana. Ma al di l\u00e0 del rigido schema teocratico, il testo argomenta valori che oggi potremmo definire di etica della responsabilit\u00e0 collettiva.<\/p>\n\n<p>Il primo pilastro etico che La citt\u00e0 del Sole offre alla nostra modernit\u00e0 \u00e8 la democratizzazione della conoscenza. Nelle mura della citt\u00e0, tutta la scienza \u00e8 dipinta affinch\u00e9 ogni cittadino possa imparare camminando: &#8220;Le mura sono tutte dipinte di tutte le scienze, con bell&#8217;ordine e con figure&#8221;. L&#8217;idea che la cultura debba essere parte integrante dell&#8217;arredo urbano e della vita quotidiana \u00e8 rivoluzionaria: il valore etico risiede nel superamento del sapere come strumento di potere escludente.<\/p>\n\n<p>\u00c8 noto che il punto pi\u00f9 discusso dell&#8217;opera \u00e8 l&#8217;abolizione della propriet\u00e0 privata. Campanella sostiene che l&#8217;amore per il &#8220;proprio&#8221; nasce dal desiderio di lasciare un&#8217;eredit\u00e0 alla prole, creando cos\u00ec egoismo sociale: &#8220;Dicono che tutta la propriet\u00e0 nasce da far casa appartata, e figli e moglie propria, onde nasce l&#8217;amor proprio&#8221;. Questo non va inteso come un invito al collettivismo forzato, ma come una provocazione sulla natura del possesso. La societ\u00e0 contemporanea potrebbe trarre ispirazione dalla capacit\u00e0 dei Solari (gli abitanti della citt\u00e0 del Sole) di percepire la cura del bene pubblico come estensione della propria identit\u00e0. Quando il benessere dell&#8217;altro diventa precondizione del proprio, si dissolve la solitudine esistenziale che affligge le metropoli.<\/p>\n\n\n\n\n<figure class=\"wp-block-image size-large\"><img loading=\"lazy\" decoding=\"async\" width=\"1024\" height=\"792\" src=\"https:\/\/www.listonegiordano.com\/one\/wp-content\/uploads\/2026\/09\/Campanella_Citta_Sole_DOPPIA_COVER-1024x792.jpg\" alt=\"tommaso campanella citta\u00e0 del sole\" class=\"wp-image-30699\" srcset=\"https:\/\/www.listonegiordano.com\/one\/wp-content\/uploads\/2026\/09\/Campanella_Citta_Sole_DOPPIA_COVER-1024x792.jpg 1024w, https:\/\/www.listonegiordano.com\/one\/wp-content\/uploads\/2026\/09\/Campanella_Citta_Sole_DOPPIA_COVER-300x232.jpg 300w, https:\/\/www.listonegiordano.com\/one\/wp-content\/uploads\/2026\/09\/Campanella_Citta_Sole_DOPPIA_COVER-768x594.jpg 768w, https:\/\/www.listonegiordano.com\/one\/wp-content\/uploads\/2026\/09\/Campanella_Citta_Sole_DOPPIA_COVER-500x387.jpg 500w, https:\/\/www.listonegiordano.com\/one\/wp-content\/uploads\/2026\/09\/Campanella_Citta_Sole_DOPPIA_COVER.jpg 1382w\" sizes=\"auto, (max-width: 1024px) 100vw, 1024px\" \/><\/figure>\n\n\n\n<p>Del tutto attuale \u00e8 la gestione del tempo: lavorando tutti, nessuno \u00e8 costretto a faticare per pi\u00f9 di quattro ore al giorno e il resto del tempo \u00e8 dedicato &#8220;all&#8217;imparare giocando, al disputare, alla lettura, al camminare e a l&#8217;esercitare le menti e i corpi&#8221;. Questo approccio ribalta il paradigma produttivistico moderno. Il valore sotteso \u00e8 la protezione della &#8220;vita contemplativa&#8221; e creativa: il lavoro \u00e8 necessario per la dignit\u00e0, ma non deve mai diventare l&#8217;unico scopo dell&#8217;esistenza. Una societ\u00e0 \u00e8 civile solo se permette ai suoi membri di coltivare il proprio spirito oltre le necessit\u00e0 biologiche.<\/p>\n\n<p>La guida della citt\u00e0 \u00e8 affidata a un filosofo-scienziato che deve conoscere la connessione tra tutte le cose. \u00c8 una visione olistica del mondo: &#8220;Tutte le cose son connesse tra loro, e non v&#8217;\u00e8 cosa alcuna che non partecipi dell&#8217;essere&#8221;. Oggi nell&#8217;evidenza della crisi climatica, riscoprire questa interconnessione significa passare da un&#8217;etica del dominio sulla natura a un&#8217;etica della custodia.<\/p>\n\n<p>Campanella ci sfida a immaginare una societ\u00e0 dove il merito \u00e8 legato alla sapienza e alla generosit\u00e0, dove il tempo \u00e8 un dono e non una merce, e dove la bellezza, intesa come armonia tra pensiero e azione, \u00e8 il fondamento della politica, ricordandoci che la libert\u00e0 non \u00e8 assenza di regole, ma la partecipazione consapevole a un ordine che eleva l&#8217;essere umano verso la sua migliore possibilit\u00e0.<\/p>\n\n\n\n\n<p>TWITTA: <br style=\"clear:both\"><\/p>\n\n<p style=\"border:solid 1px green;padding:10px\"><a href=\"https:\/\/twitter.com\/intent\/tweet?text=Ci%20sono%20arcini%2c%20rizzi%2c%20spondoli%20e%20tutto%20quanto%20\u00e8%20degno%20di%20sapere.%20Da%20Tommaso%20Campanella%20La%20citt\u00e0%20del%20Sole%20Isbn%209788806269470%20e%20Isbn%209791282439305%20via%20%40danilopremoli%20%23OneListoneGiordano%20https:\/\/one.listonegiordano.com\/author\/danilopremoli\/\" target=\"_blank\" title=\"Twitta | nuova finestra\" rel=\"nofollow noopener\"><img decoding=\"async\" style=\"vertical-align:baseline;width:16px;margin-right:10px\" alt=\"Twitta\" src=\"https:\/\/cdn0.iconfinder.com\/data\/icons\/social-network-107\/512\/x_icon-64.png\" loading=\"lazy\">Ci sono arcini, rizzi, spondoli e tutto quanto \u00e8 degno di sapere. Da Tommaso Campanella La citt\u00e0 del Sole Isbn 9788806269470 e Isbn 9791282439305 via @danilopremoli #OneListoneGiordano https:\/\/one.listonegiordano.com\/author\/danilopremoli\/<\/a><\/p>\n\n<p>\nTommaso Campanella<br \/>\nLa citt\u00e0 del Sole<br \/><br \/>\n\n<a title=\"link diretto alla scheda libro sul sito editore | nuova finestra\" href=\"https:\/\/www.einaudi.it\/catalogo-libri\/classici\/narrativa-classica\/la-citta-del-sole-tommaso-campanella-9788806269470\/\" target=\"_blank\" rel=\"noopener nofollow\">\nEinaudi<\/a>, 2025<br \/>\nIsbn 9788806269470<br \/><br \/>\n<a title=\"link diretto alla scheda libro sul sito editore | nuova finestra\" href=\"https:\/\/www.isolarioedizioni.it\/catalogo?pgid=mgampfzb4-0d7fb9e5-ab37-4c85-9d11-fff92424311e\" target=\"_blank\" rel=\"noopener nofollow\">\nIsolario<\/a>, 2026<br \/>\nIsbn 9791282439305<\/p>\n\n<p>\nRecensione di <a href=\"https:\/\/danilopremoli.wordpress.com\/\" target=\"_blank\" title=\"link diretto al blog Office Observer | nuova finestra\">Danilo Premoli \u2013 Office Observer<\/a><\/p>\n\n<p>\nLeggi anche le recensioni:<br \/>\n&bull;&nbsp;<a title=\"link diretto alla recensione | nuova finestra\" href=\"https:\/\/www.listonegiordano.com\/one\/cultura\/cristiana-colli-adriatico-il-mare-dinverno\/\" target=\"_blank\" rel=\"\">Cristiana Colli: Adriatico. Il mare d&#8217;inverno<\/a><br \/>\n&bull;&nbsp;<a title=\"link diretto alla recensione | nuova finestra\" href=\"https:\/\/www.listonegiordano.com\/one\/\" target=\"_blank\" rel=\"\">Eric R. Kandel: Arte e scienza<\/a><br \/>\n&bull;&nbsp;<a title=\"link diretto alla recensione | nuova finestra\" href=\"https:\/\/www.listonegiordano.com\/one\/architettura\/maurizio-carta-rigenerazione-urbana\/\" target=\"_blank\" rel=\"\">Maurizio Carta: Sette Lezioni di Rigenerazione Urbana<\/a><br \/>\n&bull;&nbsp;<a title=\"link diretto alla recensione | nuova finestra\" href=\"https:\/\/www.listonegiordano.com\/one\/cultura\/danilo-premoli-l-ufficio-possibile\/\" target=\"_blank\" rel=\"\">Danilo Premoli: L&#8217;ufficio possibile<\/a><br \/>\n&bull;&nbsp;<a title=\"link diretto alla recensione | nuova finestra\" href=\"https:\/\/www.listonegiordano.com\/one\/cultura\/pagina-111-franco-broccardi-cultura-adesso\/\/\" target=\"_blank\" rel=\"\">Franco Broccardi: Cultura adesso<\/a><br \/>\n<\/p>\n\n\n\n<hr class=\"wp-block-separator has-alpha-channel-opacity\"\/>\n\n\n\t\r\n\t\t\t\t\t\n<div class=\"wp-block-group\"><div class=\"wp-block-group__inner-container is-layout-constrained wp-block-group-is-layout-constrained\">\n<p class=\"wp-block-paragraph\"><strong>Seguici sui nostri canali per restare sempre aggiornato: <\/strong><\/p>\n\n\n\n<ul class=\"has-white-color has-black-background-color has-text-color has-background has-link-color wp-block-list wp-elements-22151444a665cce6c776750adbab5190\">\n<li><a href=\"https:\/\/t.me\/listonegiordanoofficial\">Canale Telegram<\/a><\/li>\n\n\n\n<li><a href=\"https:\/\/whatsapp.com\/channel\/0029VaR7wuhCnA7pPd7rte40\">Canale Whatsapp<\/a><\/li>\n\n\n\n<li><a href=\"https:\/\/www.instagram.com\/listonegiordano\/\">Instagram <\/a><\/li>\n\n\n\n<li><a href=\"https:\/\/www.facebook.com\/listonegiordanoitalia\">Facebook<\/a><\/li>\n\n\n\n<li><a href=\"https:\/\/www.linkedin.com\/company\/listone-giordano\">Linkedin<\/a><\/li>\n<\/ul>\n<\/div><\/div>\n\t\t<div class=\"related-posts\">\r\n\t\t\t<h3 class=\"lusitana medium-font green roboto align-center row-padding\"><span>Related Articles<\/span><\/h3>\r\n\t\t\t<div class=\"container white-bkg\">\r\n\t\t\t\t\t\t\t\t\t\t\t\t\t\t\t\t\t\t\r\n\t\t\t\t\t<div class=\"regular-article column-of-4 left col-padding row-padding\">\r\n\t\t\t\t\t\t<a class=\"image not-mobile\" href=\"https:\/\/www.listonegiordano.com\/one\/design\/glue-festival-amsterdam-2026-il-design-incontra-la-citta\/\" rel=\"bookmark\"><img decoding=\"async\" class=\"cover\" src=\"https:\/\/www.listonegiordano.com\/one\/wp-content\/uploads\/2026\/08\/glue-festival--500x333.jpg\" loading=\"lazy\"><\/a>\r\n\t\t\t\t\t\t<div class=\"postedby-on roboto tiny-font\">\t<span class=\"lower byline\">di<\/span> <span class=\"byline\"><span class=\"author vcard\"><a class=\"url fn n\" href=\"https:\/\/www.listonegiordano.com\/one\/author\/r-listonegiordano\/\">Redazione<\/a><\/span><\/span>\t<span class=\"posted-on\"> &#8211; 3 settimane fa<\/span><\/div>\t\t\t\t\t\t<h2 class=\"title lusitana small-font\"><a href=\"https:\/\/www.listonegiordano.com\/one\/design\/glue-festival-amsterdam-2026-il-design-incontra-la-citta\/\" rel=\"bookmark\">Glue Festival Amsterdam 2026: il design incontra la citt\u00e0<\/a><\/h2>\r\n\t\t\t\t\t<\/div>\r\n\t\t\t\t\t\t\t\t\t\t\t\t\t\t\t\t\t\t\t\t\t\t\t\r\n\t\t\t\t\t<div class=\"regular-article column-of-4 left col-padding row-padding\">\r\n\t\t\t\t\t\t<a class=\"image not-mobile\" href=\"https:\/\/www.listonegiordano.com\/one\/cultura\/seed-2026\/\" rel=\"bookmark\"><img decoding=\"async\" class=\"cover\" src=\"https:\/\/www.listonegiordano.com\/one\/wp-content\/uploads\/2024\/10\/Seed-20246-500x333.jpg\" loading=\"lazy\"><\/a>\r\n\t\t\t\t\t\t<div class=\"postedby-on roboto tiny-font\">\t<span class=\"lower byline\">di<\/span> <span class=\"byline\"><span class=\"author vcard\"><a class=\"url fn n\" href=\"https:\/\/www.listonegiordano.com\/one\/author\/r-listonegiordano\/\">Redazione<\/a><\/span><\/span>\t<span class=\"posted-on\"> &#8211; 1 mese fa<\/span><\/div>\t\t\t\t\t\t<h2 class=\"title lusitana small-font\"><a href=\"https:\/\/www.listonegiordano.com\/one\/cultura\/seed-2026\/\" rel=\"bookmark\">Seed 2026: a Perugia il design interroga il futuro dell&#8217;umanit\u00e0<\/a><\/h2>\r\n\t\t\t\t\t<\/div>\r\n\t\t\t\t\t\t\t\t\t\t\t\t\t\t\t\t\t\t\t\t\t\t\t\t\t<br class=\"separator-mobile clear\">\r\n\t\t\t\t\t\t\t\t\t\r\n\t\t\t\t\t<div class=\"regular-article column-of-4 left col-padding row-padding\">\r\n\t\t\t\t\t\t<a class=\"image not-mobile\" href=\"https:\/\/www.listonegiordano.com\/one\/architettura\/kolonaki-refinement-rivelare-il-lusso-discreto-di-un-appartamento-ateniese\/\" rel=\"bookmark\"><img decoding=\"async\" class=\"cover\" src=\"https:\/\/www.listonegiordano.com\/one\/wp-content\/uploads\/2026\/07\/Kolonaki-Refinement-ATHENS7-500x333.jpg\" loading=\"lazy\"><\/a>\r\n\t\t\t\t\t\t<div class=\"postedby-on roboto tiny-font\">\t<span class=\"lower byline\">di<\/span> <span class=\"byline\"><span class=\"author vcard\"><a class=\"url fn n\" href=\"https:\/\/www.listonegiordano.com\/one\/author\/r-listonegiordano\/\">Redazione<\/a><\/span><\/span>\t<span class=\"posted-on\"> &#8211; 1 mese fa<\/span><\/div>\t\t\t\t\t\t<h2 class=\"title lusitana small-font\"><a href=\"https:\/\/www.listonegiordano.com\/one\/architettura\/kolonaki-refinement-rivelare-il-lusso-discreto-di-un-appartamento-ateniese\/\" rel=\"bookmark\">Kolonaki Refinement: rivelare il lusso discreto di un appartamento ateniese<\/a><\/h2>\r\n\t\t\t\t\t<\/div>\r\n\t\t\t\t\t\t\t\t\t\t\t\t\t\t\t\t\t\t\t\t\t\t\t\r\n\t\t\t\t\t<div class=\"regular-article column-of-4 left col-padding row-padding\">\r\n\t\t\t\t\t\t<a class=\"image not-mobile\" href=\"https:\/\/www.listonegiordano.com\/one\/cultura\/cristiana-colli-adriatico-il-mare-dinverno\/\" rel=\"bookmark\"><img decoding=\"async\" class=\"cover\" src=\"https:\/\/www.listonegiordano.com\/one\/wp-content\/uploads\/2026\/07\/COLLI_Adriatico_HEADER-500x319.jpg\" loading=\"lazy\"><\/a>\r\n\t\t\t\t\t\t<div class=\"postedby-on roboto tiny-font\">\t<span class=\"lower byline\">di<\/span> <span class=\"byline\"><span class=\"author vcard\"><a class=\"url fn n\" href=\"https:\/\/www.listonegiordano.com\/one\/author\/danilopremoli\/\">Danilo Premoli<\/a><\/span><\/span>\t<span class=\"posted-on\"> &#8211; 1 mese fa<\/span><\/div>\t\t\t\t\t\t<h2 class=\"title lusitana small-font\"><a href=\"https:\/\/www.listonegiordano.com\/one\/cultura\/cristiana-colli-adriatico-il-mare-dinverno\/\" rel=\"bookmark\">Cristiana Colli: Adriatico. Il mare d&#8217;inverno<\/a><\/h2>\r\n\t\t\t\t\t<\/div>\r\n\t\t\t\t\t\t\t\t\t\t\t\t\t<br class=\"clear\">\r\n\t\t\t<\/div>\r\n\t\t<\/div>\r\n\t\t\n\n\n<p class=\"wp-block-paragraph\"><\/p>\n","protected":false},"excerpt":{"rendered":"<p>&#8220;Dove tutto \u00e8 privato, e i soldi sono la misura di tutte le cose, \u00e8 quasi impossibile che lo Stato [&hellip;]<\/p>\n","protected":false},"author":15,"featured_media":30698,"comment_status":"closed","ping_status":"closed","sticky":false,"template":"","format":"standard","meta":{"area":"","groups":"","preview":"","columns":"","rows":"","footnotes":""},"categories":[18],"tags":[],"class_list":["post-30695","post","type-post","status-publish","format-standard","has-post-thumbnail","hentry","category-cultura"],"featured_image_src":"https:\/\/www.listonegiordano.com\/one\/wp-content\/uploads\/2026\/09\/Campanella_Citta_Sole_HEADER-150x150.jpg","yoast_head":"<!-- This site is optimized with the Yoast SEO Premium plugin v28.1 (Yoast SEO v28.1) - https:\/\/yoast.com\/product\/yoast-seo-premium-wordpress\/ -->\n<title>Elogio della rilettura, Tommaso Campanella: La citt\u00e0 del\u00a0Sole | One Listone Giordano<\/title>\n<meta name=\"description\" content=\"La citt\u00e0 del Sole di Tommaso Campanella pu\u00f2 essere riletta come bussola etica contemporanea o rimane un&#039;architettura dell&#039;utopia?\" \/>\n<meta name=\"robots\" content=\"index, follow, max-snippet:-1, max-image-preview:large, max-video-preview:-1\" \/>\n<link rel=\"canonical\" href=\"https:\/\/www.listonegiordano.com\/one\/cultura\/tommaso-campanella-la-citta-del-sole\/\" \/>\n<meta property=\"og:locale\" content=\"it_IT\" \/>\n<meta property=\"og:type\" content=\"article\" \/>\n<meta property=\"og:title\" content=\"Elogio della rilettura, Tommaso Campanella: La citt\u00e0 del\u00a0Sole\" \/>\n<meta property=\"og:description\" content=\"&quot;Dove tutto \u00e8 privato, e i soldi sono la misura di tutte le cose, \u00e8 quasi impossibile che lo Stato sia governato con giustizia o che prosperi&quot; (Thomas\" \/>\n<meta property=\"og:url\" content=\"https:\/\/www.listonegiordano.com\/one\/cultura\/tommaso-campanella-la-citta-del-sole\/\" \/>\n<meta property=\"og:site_name\" content=\"One Listone Giordano\" \/>\n<meta property=\"article:publisher\" content=\"https:\/\/www.facebook.com\/listonegiordanoitalia\/\" \/>\n<meta property=\"article:published_time\" content=\"2026-09-01T09:42:56+00:00\" \/>\n<meta property=\"article:modified_time\" content=\"2026-09-01T09:44:16+00:00\" \/>\n<meta property=\"og:image\" content=\"https:\/\/www.listonegiordano.com\/one\/wp-content\/uploads\/2026\/09\/Campanella_Citta_Sole_HEADER.jpg\" \/>\n\t<meta property=\"og:image:width\" content=\"736\" \/>\n\t<meta property=\"og:image:height\" content=\"338\" \/>\n\t<meta property=\"og:image:type\" content=\"image\/jpeg\" \/>\n<meta name=\"author\" content=\"Danilo Premoli\" \/>\n<meta name=\"twitter:card\" content=\"summary_large_image\" \/>\n<meta name=\"twitter:label1\" content=\"Scritto da\" \/>\n\t<meta name=\"twitter:data1\" content=\"Danilo Premoli\" \/>\n\t<meta name=\"twitter:label2\" content=\"Tempo di lettura stimato\" \/>\n\t<meta name=\"twitter:data2\" content=\"5 minuti\" \/>\n<script type=\"application\/ld+json\" class=\"yoast-schema-graph\">{\"@context\":\"https:\\\/\\\/schema.org\",\"@graph\":[{\"@type\":\"Article\",\"@id\":\"https:\\\/\\\/www.listonegiordano.com\\\/one\\\/cultura\\\/tommaso-campanella-la-citta-del-sole\\\/#article\",\"isPartOf\":{\"@id\":\"https:\\\/\\\/www.listonegiordano.com\\\/one\\\/cultura\\\/tommaso-campanella-la-citta-del-sole\\\/\"},\"author\":{\"name\":\"Danilo Premoli\",\"@id\":\"https:\\\/\\\/www.listonegiordano.com\\\/one\\\/#\\\/schema\\\/person\\\/88aab90cdf01c44912fe27d5d047d97d\"},\"headline\":\"Elogio della rilettura, Tommaso Campanella: La citt\u00e0 del\u00a0Sole\",\"datePublished\":\"2026-09-01T09:42:56+00:00\",\"dateModified\":\"2026-09-01T09:44:16+00:00\",\"mainEntityOfPage\":{\"@id\":\"https:\\\/\\\/www.listonegiordano.com\\\/one\\\/cultura\\\/tommaso-campanella-la-citta-del-sole\\\/\"},\"wordCount\":694,\"publisher\":{\"@id\":\"https:\\\/\\\/www.listonegiordano.com\\\/one\\\/#organization\"},\"image\":{\"@id\":\"https:\\\/\\\/www.listonegiordano.com\\\/one\\\/cultura\\\/tommaso-campanella-la-citta-del-sole\\\/#primaryimage\"},\"thumbnailUrl\":\"https:\\\/\\\/www.listonegiordano.com\\\/one\\\/wp-content\\\/uploads\\\/2026\\\/09\\\/Campanella_Citta_Sole_HEADER.jpg\",\"articleSection\":[\"Cultura\"],\"inLanguage\":\"it-IT\"},{\"@type\":\"WebPage\",\"@id\":\"https:\\\/\\\/www.listonegiordano.com\\\/one\\\/cultura\\\/tommaso-campanella-la-citta-del-sole\\\/\",\"url\":\"https:\\\/\\\/www.listonegiordano.com\\\/one\\\/cultura\\\/tommaso-campanella-la-citta-del-sole\\\/\",\"name\":\"Elogio della rilettura, Tommaso Campanella: La citt\u00e0 del\u00a0Sole | One Listone Giordano\",\"isPartOf\":{\"@id\":\"https:\\\/\\\/www.listonegiordano.com\\\/one\\\/#website\"},\"primaryImageOfPage\":{\"@id\":\"https:\\\/\\\/www.listonegiordano.com\\\/one\\\/cultura\\\/tommaso-campanella-la-citta-del-sole\\\/#primaryimage\"},\"image\":{\"@id\":\"https:\\\/\\\/www.listonegiordano.com\\\/one\\\/cultura\\\/tommaso-campanella-la-citta-del-sole\\\/#primaryimage\"},\"thumbnailUrl\":\"https:\\\/\\\/www.listonegiordano.com\\\/one\\\/wp-content\\\/uploads\\\/2026\\\/09\\\/Campanella_Citta_Sole_HEADER.jpg\",\"datePublished\":\"2026-09-01T09:42:56+00:00\",\"dateModified\":\"2026-09-01T09:44:16+00:00\",\"description\":\"La citt\u00e0 del Sole di Tommaso Campanella pu\u00f2 essere riletta come bussola etica contemporanea o rimane un'architettura dell'utopia?\",\"breadcrumb\":{\"@id\":\"https:\\\/\\\/www.listonegiordano.com\\\/one\\\/cultura\\\/tommaso-campanella-la-citta-del-sole\\\/#breadcrumb\"},\"inLanguage\":\"it-IT\",\"potentialAction\":[{\"@type\":\"ReadAction\",\"target\":[\"https:\\\/\\\/www.listonegiordano.com\\\/one\\\/cultura\\\/tommaso-campanella-la-citta-del-sole\\\/\"]}]},{\"@type\":\"ImageObject\",\"inLanguage\":\"it-IT\",\"@id\":\"https:\\\/\\\/www.listonegiordano.com\\\/one\\\/cultura\\\/tommaso-campanella-la-citta-del-sole\\\/#primaryimage\",\"url\":\"https:\\\/\\\/www.listonegiordano.com\\\/one\\\/wp-content\\\/uploads\\\/2026\\\/09\\\/Campanella_Citta_Sole_HEADER.jpg\",\"contentUrl\":\"https:\\\/\\\/www.listonegiordano.com\\\/one\\\/wp-content\\\/uploads\\\/2026\\\/09\\\/Campanella_Citta_Sole_HEADER.jpg\",\"width\":736,\"height\":338,\"caption\":\"tommaso campanella\"},{\"@type\":\"BreadcrumbList\",\"@id\":\"https:\\\/\\\/www.listonegiordano.com\\\/one\\\/cultura\\\/tommaso-campanella-la-citta-del-sole\\\/#breadcrumb\",\"itemListElement\":[{\"@type\":\"ListItem\",\"position\":1,\"name\":\"Home\",\"item\":\"https:\\\/\\\/www.listonegiordano.com\\\/one\\\/\"},{\"@type\":\"ListItem\",\"position\":2,\"name\":\"Elogio della rilettura, Tommaso Campanella: La citt\u00e0 del\u00a0Sole\"}]},{\"@type\":\"WebSite\",\"@id\":\"https:\\\/\\\/www.listonegiordano.com\\\/one\\\/#website\",\"url\":\"https:\\\/\\\/www.listonegiordano.com\\\/one\\\/\",\"name\":\"One Listone Giordano\",\"description\":\"Il magazine sull&#039;Architettura e Design firmato Listone Giordano\",\"publisher\":{\"@id\":\"https:\\\/\\\/www.listonegiordano.com\\\/one\\\/#organization\"},\"potentialAction\":[{\"@type\":\"SearchAction\",\"target\":{\"@type\":\"EntryPoint\",\"urlTemplate\":\"https:\\\/\\\/www.listonegiordano.com\\\/one\\\/?s={search_term_string}\"},\"query-input\":{\"@type\":\"PropertyValueSpecification\",\"valueRequired\":true,\"valueName\":\"search_term_string\"}}],\"inLanguage\":\"it-IT\"},{\"@type\":\"Organization\",\"@id\":\"https:\\\/\\\/www.listonegiordano.com\\\/one\\\/#organization\",\"name\":\"One Listone Giordano\",\"url\":\"https:\\\/\\\/www.listonegiordano.com\\\/one\\\/\",\"logo\":{\"@type\":\"ImageObject\",\"inLanguage\":\"it-IT\",\"@id\":\"https:\\\/\\\/www.listonegiordano.com\\\/one\\\/#\\\/schema\\\/logo\\\/image\\\/\",\"url\":\"https:\\\/\\\/www.listonegiordano.com\\\/one\\\/wp-content\\\/uploads\\\/2019\\\/08\\\/MLG-19-immagine_profilo_redazione-1.jpg\",\"contentUrl\":\"https:\\\/\\\/www.listonegiordano.com\\\/one\\\/wp-content\\\/uploads\\\/2019\\\/08\\\/MLG-19-immagine_profilo_redazione-1.jpg\",\"width\":900,\"height\":600,\"caption\":\"One Listone Giordano\"},\"image\":{\"@id\":\"https:\\\/\\\/www.listonegiordano.com\\\/one\\\/#\\\/schema\\\/logo\\\/image\\\/\"},\"sameAs\":[\"https:\\\/\\\/www.facebook.com\\\/listonegiordanoitalia\\\/\",\"https:\\\/\\\/www.instagram.com\\\/listonegiordano\\\/\",\"https:\\\/\\\/www.linkedin.com\\\/company\\\/listone-giordano\\\/\",\"https:\\\/\\\/www.pinterest.it\\\/listoneg\",\"https:\\\/\\\/www.youtube.com\\\/user\\\/ListoneGiordano01\",\"https:\\\/\\\/it.wikipedia.org\\\/wiki\\\/Listone_Giordano\"]},{\"@type\":\"Person\",\"@id\":\"https:\\\/\\\/www.listonegiordano.com\\\/one\\\/#\\\/schema\\\/person\\\/88aab90cdf01c44912fe27d5d047d97d\",\"name\":\"Danilo Premoli\",\"description\":\"Danilo Premoli, milanese, laurea in Architettura e Master in Design &amp; Management al Politecnico di Milano. Si occupa di progettazione, design e arte. Ha vinto il Premio \\\"Smau Icograda Excellence Award\\\" a Milano e il Premio \\\"Accent on Design\\\" all'International Gift Fair di New York. Ha fatto parte del Comitato scientifico di selezione finale degli Adi Design Index per il Premio Compasso d'Oro edizioni 2018, 2020 e 2022. \u00c8 autore di diversi volumi e ha ideato, progettato e gestisce i blog Office Observer, dedicato al settore ufficio: prodotti, interior design, protagonisti, ricerche, work style; e Fire Observer: tutto intorno al fuoco. Giornalista pubblicista, collabora con riviste online e offline. \u00c8 membro del Consiglio Direttivo di MoCA Italia Associazione culturale internazionale per l'Arte Contemporanea che organizza l'Arte Laguna Prize a Venezia. \u00c8 autore, con Marco Maiocchi e Giuliano Zosi, dell'opera di musica contemporanea \\\"La Scuola di Atene 2.0 - Architettura musicale e visiva per pianoforte ed elaboratore\\\", presentata al Top Audio &amp; Video Show 2005, Milano. Ha esposto in mostre personali e collettive, in gallerie e fondazioni, tra queste Mudima Milano, Biennale di Venezia, Arte Sella, Fuorisalone Milano, Carrara Marble Week, Milano Digital Week, Photofestival Milano, Venice Design Week, Valdobbiadene Patrimonio Unesco. http:\\\/\\\/danilopremoli.w.link\",\"sameAs\":[\"https:\\\/\\\/danilopremoli.wordpress.com\\\/\",\"r.listonegiordano\"],\"url\":\"https:\\\/\\\/www.listonegiordano.com\\\/one\\\/author\\\/danilopremoli\\\/\"}]}<\/script>\n<!-- \/ Yoast SEO Premium plugin. -->","yoast_head_json":{"title":"Elogio della rilettura, Tommaso Campanella: La citt\u00e0 del\u00a0Sole | One Listone Giordano","description":"La citt\u00e0 del Sole di Tommaso Campanella pu\u00f2 essere riletta come bussola etica contemporanea o rimane un'architettura dell'utopia?","robots":{"index":"index","follow":"follow","max-snippet":"max-snippet:-1","max-image-preview":"max-image-preview:large","max-video-preview":"max-video-preview:-1"},"canonical":"https:\/\/www.listonegiordano.com\/one\/cultura\/tommaso-campanella-la-citta-del-sole\/","og_locale":"it_IT","og_type":"article","og_title":"Elogio della rilettura, Tommaso Campanella: La citt\u00e0 del\u00a0Sole","og_description":"\"Dove tutto \u00e8 privato, e i soldi sono la misura di tutte le cose, \u00e8 quasi impossibile che lo Stato sia governato con giustizia o che prosperi\" (Thomas","og_url":"https:\/\/www.listonegiordano.com\/one\/cultura\/tommaso-campanella-la-citta-del-sole\/","og_site_name":"One Listone Giordano","article_publisher":"https:\/\/www.facebook.com\/listonegiordanoitalia\/","article_published_time":"2026-09-01T09:42:56+00:00","article_modified_time":"2026-09-01T09:44:16+00:00","og_image":[{"width":736,"height":338,"url":"https:\/\/www.listonegiordano.com\/one\/wp-content\/uploads\/2026\/09\/Campanella_Citta_Sole_HEADER.jpg","type":"image\/jpeg"}],"author":"Danilo Premoli","twitter_card":"summary_large_image","twitter_misc":{"Scritto da":"Danilo Premoli","Tempo di lettura stimato":"5 minuti"},"schema":{"@context":"https:\/\/schema.org","@graph":[{"@type":"Article","@id":"https:\/\/www.listonegiordano.com\/one\/cultura\/tommaso-campanella-la-citta-del-sole\/#article","isPartOf":{"@id":"https:\/\/www.listonegiordano.com\/one\/cultura\/tommaso-campanella-la-citta-del-sole\/"},"author":{"name":"Danilo Premoli","@id":"https:\/\/www.listonegiordano.com\/one\/#\/schema\/person\/88aab90cdf01c44912fe27d5d047d97d"},"headline":"Elogio della rilettura, Tommaso Campanella: La citt\u00e0 del\u00a0Sole","datePublished":"2026-09-01T09:42:56+00:00","dateModified":"2026-09-01T09:44:16+00:00","mainEntityOfPage":{"@id":"https:\/\/www.listonegiordano.com\/one\/cultura\/tommaso-campanella-la-citta-del-sole\/"},"wordCount":694,"publisher":{"@id":"https:\/\/www.listonegiordano.com\/one\/#organization"},"image":{"@id":"https:\/\/www.listonegiordano.com\/one\/cultura\/tommaso-campanella-la-citta-del-sole\/#primaryimage"},"thumbnailUrl":"https:\/\/www.listonegiordano.com\/one\/wp-content\/uploads\/2026\/09\/Campanella_Citta_Sole_HEADER.jpg","articleSection":["Cultura"],"inLanguage":"it-IT"},{"@type":"WebPage","@id":"https:\/\/www.listonegiordano.com\/one\/cultura\/tommaso-campanella-la-citta-del-sole\/","url":"https:\/\/www.listonegiordano.com\/one\/cultura\/tommaso-campanella-la-citta-del-sole\/","name":"Elogio della rilettura, Tommaso Campanella: La citt\u00e0 del\u00a0Sole | One Listone Giordano","isPartOf":{"@id":"https:\/\/www.listonegiordano.com\/one\/#website"},"primaryImageOfPage":{"@id":"https:\/\/www.listonegiordano.com\/one\/cultura\/tommaso-campanella-la-citta-del-sole\/#primaryimage"},"image":{"@id":"https:\/\/www.listonegiordano.com\/one\/cultura\/tommaso-campanella-la-citta-del-sole\/#primaryimage"},"thumbnailUrl":"https:\/\/www.listonegiordano.com\/one\/wp-content\/uploads\/2026\/09\/Campanella_Citta_Sole_HEADER.jpg","datePublished":"2026-09-01T09:42:56+00:00","dateModified":"2026-09-01T09:44:16+00:00","description":"La citt\u00e0 del Sole di Tommaso Campanella pu\u00f2 essere riletta come bussola etica contemporanea o rimane un'architettura dell'utopia?","breadcrumb":{"@id":"https:\/\/www.listonegiordano.com\/one\/cultura\/tommaso-campanella-la-citta-del-sole\/#breadcrumb"},"inLanguage":"it-IT","potentialAction":[{"@type":"ReadAction","target":["https:\/\/www.listonegiordano.com\/one\/cultura\/tommaso-campanella-la-citta-del-sole\/"]}]},{"@type":"ImageObject","inLanguage":"it-IT","@id":"https:\/\/www.listonegiordano.com\/one\/cultura\/tommaso-campanella-la-citta-del-sole\/#primaryimage","url":"https:\/\/www.listonegiordano.com\/one\/wp-content\/uploads\/2026\/09\/Campanella_Citta_Sole_HEADER.jpg","contentUrl":"https:\/\/www.listonegiordano.com\/one\/wp-content\/uploads\/2026\/09\/Campanella_Citta_Sole_HEADER.jpg","width":736,"height":338,"caption":"tommaso campanella"},{"@type":"BreadcrumbList","@id":"https:\/\/www.listonegiordano.com\/one\/cultura\/tommaso-campanella-la-citta-del-sole\/#breadcrumb","itemListElement":[{"@type":"ListItem","position":1,"name":"Home","item":"https:\/\/www.listonegiordano.com\/one\/"},{"@type":"ListItem","position":2,"name":"Elogio della rilettura, Tommaso Campanella: La citt\u00e0 del\u00a0Sole"}]},{"@type":"WebSite","@id":"https:\/\/www.listonegiordano.com\/one\/#website","url":"https:\/\/www.listonegiordano.com\/one\/","name":"One Listone Giordano","description":"Il magazine sull&#039;Architettura e Design firmato Listone Giordano","publisher":{"@id":"https:\/\/www.listonegiordano.com\/one\/#organization"},"potentialAction":[{"@type":"SearchAction","target":{"@type":"EntryPoint","urlTemplate":"https:\/\/www.listonegiordano.com\/one\/?s={search_term_string}"},"query-input":{"@type":"PropertyValueSpecification","valueRequired":true,"valueName":"search_term_string"}}],"inLanguage":"it-IT"},{"@type":"Organization","@id":"https:\/\/www.listonegiordano.com\/one\/#organization","name":"One Listone Giordano","url":"https:\/\/www.listonegiordano.com\/one\/","logo":{"@type":"ImageObject","inLanguage":"it-IT","@id":"https:\/\/www.listonegiordano.com\/one\/#\/schema\/logo\/image\/","url":"https:\/\/www.listonegiordano.com\/one\/wp-content\/uploads\/2019\/08\/MLG-19-immagine_profilo_redazione-1.jpg","contentUrl":"https:\/\/www.listonegiordano.com\/one\/wp-content\/uploads\/2019\/08\/MLG-19-immagine_profilo_redazione-1.jpg","width":900,"height":600,"caption":"One Listone Giordano"},"image":{"@id":"https:\/\/www.listonegiordano.com\/one\/#\/schema\/logo\/image\/"},"sameAs":["https:\/\/www.facebook.com\/listonegiordanoitalia\/","https:\/\/www.instagram.com\/listonegiordano\/","https:\/\/www.linkedin.com\/company\/listone-giordano\/","https:\/\/www.pinterest.it\/listoneg","https:\/\/www.youtube.com\/user\/ListoneGiordano01","https:\/\/it.wikipedia.org\/wiki\/Listone_Giordano"]},{"@type":"Person","@id":"https:\/\/www.listonegiordano.com\/one\/#\/schema\/person\/88aab90cdf01c44912fe27d5d047d97d","name":"Danilo Premoli","description":"Danilo Premoli, milanese, laurea in Architettura e Master in Design &amp; Management al Politecnico di Milano. Si occupa di progettazione, design e arte. Ha vinto il Premio \"Smau Icograda Excellence Award\" a Milano e il Premio \"Accent on Design\" all'International Gift Fair di New York. Ha fatto parte del Comitato scientifico di selezione finale degli Adi Design Index per il Premio Compasso d'Oro edizioni 2018, 2020 e 2022. \u00c8 autore di diversi volumi e ha ideato, progettato e gestisce i blog Office Observer, dedicato al settore ufficio: prodotti, interior design, protagonisti, ricerche, work style; e Fire Observer: tutto intorno al fuoco. Giornalista pubblicista, collabora con riviste online e offline. \u00c8 membro del Consiglio Direttivo di MoCA Italia Associazione culturale internazionale per l'Arte Contemporanea che organizza l'Arte Laguna Prize a Venezia. \u00c8 autore, con Marco Maiocchi e Giuliano Zosi, dell'opera di musica contemporanea \"La Scuola di Atene 2.0 - Architettura musicale e visiva per pianoforte ed elaboratore\", presentata al Top Audio &amp; Video Show 2005, Milano. Ha esposto in mostre personali e collettive, in gallerie e fondazioni, tra queste Mudima Milano, Biennale di Venezia, Arte Sella, Fuorisalone Milano, Carrara Marble Week, Milano Digital Week, Photofestival Milano, Venice Design Week, Valdobbiadene Patrimonio Unesco. http:\/\/danilopremoli.w.link","sameAs":["https:\/\/danilopremoli.wordpress.com\/","r.listonegiordano"],"url":"https:\/\/www.listonegiordano.com\/one\/author\/danilopremoli\/"}]}},"amp_enabled":true,"_links":{"self":[{"href":"https:\/\/www.listonegiordano.com\/one\/wp-json\/wp\/v2\/posts\/30695","targetHints":{"allow":["GET"]}}],"collection":[{"href":"https:\/\/www.listonegiordano.com\/one\/wp-json\/wp\/v2\/posts"}],"about":[{"href":"https:\/\/www.listonegiordano.com\/one\/wp-json\/wp\/v2\/types\/post"}],"author":[{"embeddable":true,"href":"https:\/\/www.listonegiordano.com\/one\/wp-json\/wp\/v2\/users\/15"}],"replies":[{"embeddable":true,"href":"https:\/\/www.listonegiordano.com\/one\/wp-json\/wp\/v2\/comments?post=30695"}],"version-history":[{"count":2,"href":"https:\/\/www.listonegiordano.com\/one\/wp-json\/wp\/v2\/posts\/30695\/revisions"}],"predecessor-version":[{"id":30700,"href":"https:\/\/www.listonegiordano.com\/one\/wp-json\/wp\/v2\/posts\/30695\/revisions\/30700"}],"wp:featuredmedia":[{"embeddable":true,"href":"https:\/\/www.listonegiordano.com\/one\/wp-json\/wp\/v2\/media\/30698"}],"wp:attachment":[{"href":"https:\/\/www.listonegiordano.com\/one\/wp-json\/wp\/v2\/media?parent=30695"}],"wp:term":[{"taxonomy":"category","embeddable":true,"href":"https:\/\/www.listonegiordano.com\/one\/wp-json\/wp\/v2\/categories?post=30695"},{"taxonomy":"post_tag","embeddable":true,"href":"https:\/\/www.listonegiordano.com\/one\/wp-json\/wp\/v2\/tags?post=30695"}],"curies":[{"name":"wp","href":"https:\/\/api.w.org\/{rel}","templated":true}]}}