{"id":30705,"date":"2026-09-02T10:03:29","date_gmt":"2026-09-02T08:03:29","guid":{"rendered":"https:\/\/www.listonegiordano.com\/one\/?p=30705"},"modified":"2026-09-02T10:05:13","modified_gmt":"2026-09-02T08:05:13","slug":"franco-fontana-fotografo","status":"publish","type":"post","link":"https:\/\/www.listonegiordano.com\/one\/cultura\/franco-fontana-fotografo\/","title":{"rendered":"Franco Fontana, addio al maestro del colore che ha ridisegnato il paesaggio"},"content":{"rendered":"\n<p class=\"wp-block-paragraph\" id=\"h-\">\u00c8 morto a Modena, a 92 anni, Franco Fontana, tra i pi\u00f9 importanti protagonisti della fotografia italiana del Novecento. Nato nel 1933, Fontana ha costruito un linguaggio radicalmente personale, trasformando il colore da elemento descrittivo in pura struttura compositiva.<\/p>\n\n\n\n<figure class=\"wp-block-image size-full\"><img loading=\"lazy\" decoding=\"async\" width=\"750\" height=\"523\" src=\"https:\/\/www.listonegiordano.com\/one\/wp-content\/uploads\/2026\/09\/franco-fontana-viso-.webp\" alt=\"Franco Fontana\" class=\"wp-image-30707\" srcset=\"https:\/\/www.listonegiordano.com\/one\/wp-content\/uploads\/2026\/09\/franco-fontana-viso-.webp 750w, https:\/\/www.listonegiordano.com\/one\/wp-content\/uploads\/2026\/09\/franco-fontana-viso--300x209.webp 300w, https:\/\/www.listonegiordano.com\/one\/wp-content\/uploads\/2026\/09\/franco-fontana-viso--500x349.webp 500w\" sizes=\"auto, (max-width: 750px) 100vw, 750px\" \/><\/figure>\n\n\n\n<p class=\"wp-block-paragraph\">I suoi paesaggi, urbani e naturali, sono fatti di campiture cromatiche, linee nette, ombre e geometrie che sembrano avvicinare la fotografia alla pittura e all\u2019astrazione. Fontana non si limitava a fotografare il paesaggio: lo ricomponeva attraverso lo sguardo, isolandone forme, ritmi e rapporti di colore. Un approccio particolarmente vicino alla sensibilit\u00e0 del design e dell\u2019architettura, dove superficie, proporzione e materia diventano strumenti per costruire una percezione dello spazio.<\/p>\n\n\n\n<p class=\"wp-block-paragraph\">A partire dagli anni Settanta, la sua ricerca contribu\u00ec a cambiare il ruolo della fotografia a colori, ancora considerata marginale rispetto alla tradizione del bianco e nero. La consacrazione internazionale arriv\u00f2 anche con <em>Skyline<\/em> del 1978, mentre il suo lavoro venne esposto in oltre cinquanta musei nel mondo<\/p>\n\n\n<div class=\"wp-block-image\">\n<figure class=\"aligncenter size-full\"><img loading=\"lazy\" decoding=\"async\" width=\"415\" height=\"600\" src=\"https:\/\/www.listonegiordano.com\/one\/wp-content\/uploads\/2026\/09\/franco-fontana-.jpg\" alt=\"Franco Fontana\" class=\"wp-image-30710\" srcset=\"https:\/\/www.listonegiordano.com\/one\/wp-content\/uploads\/2026\/09\/franco-fontana-.jpg 415w, https:\/\/www.listonegiordano.com\/one\/wp-content\/uploads\/2026\/09\/franco-fontana--208x300.jpg 208w, https:\/\/www.listonegiordano.com\/one\/wp-content\/uploads\/2026\/09\/franco-fontana--346x500.jpg 346w\" sizes=\"auto, (max-width: 415px) 100vw, 415px\" \/><\/figure>\n<\/div>\n\n\n<p class=\"wp-block-paragraph\">Oltre 400 mostre e circa 70 libri testimoniano l&#8217;ampiezza della sua carriera. Ma l&#8217;eredit\u00e0 di Fontana va oltre i numeri: \u00e8 soprattutto un modo di guardare. Campi, strade, citt\u00e0 e architetture diventano nelle sue immagini superfici essenziali, quasi astratte, capaci di rivelare un ordine nascosto nel reale.<\/p>\n\n\n<div class=\"wp-block-image\">\n<figure class=\"aligncenter size-large\"><img loading=\"lazy\" decoding=\"async\" width=\"646\" height=\"1024\" src=\"https:\/\/www.listonegiordano.com\/one\/wp-content\/uploads\/2026\/09\/franco-fontana-paesaggio-646x1024.jpg\" alt=\"Franco Fontana\" class=\"wp-image-30709\" srcset=\"https:\/\/www.listonegiordano.com\/one\/wp-content\/uploads\/2026\/09\/franco-fontana-paesaggio-646x1024.jpg 646w, https:\/\/www.listonegiordano.com\/one\/wp-content\/uploads\/2026\/09\/franco-fontana-paesaggio-189x300.jpg 189w, https:\/\/www.listonegiordano.com\/one\/wp-content\/uploads\/2026\/09\/franco-fontana-paesaggio-768x1217.jpg 768w, https:\/\/www.listonegiordano.com\/one\/wp-content\/uploads\/2026\/09\/franco-fontana-paesaggio-315x500.jpg 315w, https:\/\/www.listonegiordano.com\/one\/wp-content\/uploads\/2026\/09\/franco-fontana-paesaggio.jpg 800w\" sizes=\"auto, (max-width: 646px) 100vw, 646px\" \/><\/figure>\n<\/div>\n\n\n<p class=\"wp-block-paragraph\">Nel 2006 il Politecnico di Torino gli confer\u00ec la laurea honoris causa in design, riconoscendo anche il valore progettuale della sua ricerca.<\/p>\n\n\n\n<p class=\"wp-block-paragraph\"><strong>LEGGI ANCHE:<\/strong><\/p>\n\n\n\n<ul class=\"wp-block-yoast-seo-related-links yoast-seo-related-links\">\n<li><a href=\"https:\/\/www.listonegiordano.com\/one\/design\/franco-raggi-in-mostra-alla-triennale\/\">Franco Raggi in mostra alla Triennale<\/a><\/li>\n\n\n\n<li><a href=\"https:\/\/www.listonegiordano.com\/one\/architettura\/heritage-carrell-villa-valle-d-aosta\/\">Heritage Carrel: un dialogo tra memoria e paesaggio<\/a><\/li>\n\n\n\n<li><a href=\"https:\/\/www.listonegiordano.com\/one\/cultura\/cortona-on-the-move-2025\/\">Cortona On the Move 2025, la fotografia come riconciliazione<\/a><\/li>\n\n\n\n<li><a href=\"https:\/\/www.listonegiordano.com\/one\/cultura\/christine-de-pizan\/\">Christine De Pizan, la prima scrittrice femminista italiana<\/a><\/li>\n\n\n\n<li><a href=\"https:\/\/www.listonegiordano.com\/one\/architettura\/austrian-house-rem-koolhaas-oma\/\">Rem Koolhaas e una villa inconsueta con orizzonte lacustre<\/a><\/li>\n<\/ul>\n\n\n\n<p class=\"wp-block-paragraph\">Con la sua scomparsa, il mondo della fotografia perde un autore che ha fatto del colore una forma di pensiero. E forse \u00e8 proprio nel colore, come Fontana stesso aveva intuito, che continuer\u00e0 a vivere il suo sguardo.<\/p>\n\n\n\n<hr class=\"wp-block-separator has-alpha-channel-opacity\"\/>\n\n\n\t\r\n\t\t\t\t\t\n<div class=\"wp-block-group\"><div class=\"wp-block-group__inner-container is-layout-constrained wp-block-group-is-layout-constrained\">\n<p class=\"wp-block-paragraph\"><strong>Seguici sui nostri canali per restare sempre aggiornato: <\/strong><\/p>\n\n\n\n<ul class=\"has-white-color has-black-background-color has-text-color has-background has-link-color wp-block-list wp-elements-22151444a665cce6c776750adbab5190\">\n<li><a href=\"https:\/\/t.me\/listonegiordanoofficial\">Canale Telegram<\/a><\/li>\n\n\n\n<li><a href=\"https:\/\/whatsapp.com\/channel\/0029VaR7wuhCnA7pPd7rte40\">Canale Whatsapp<\/a><\/li>\n\n\n\n<li><a href=\"https:\/\/www.instagram.com\/listonegiordano\/\">Instagram <\/a><\/li>\n\n\n\n<li><a href=\"https:\/\/www.facebook.com\/listonegiordanoitalia\">Facebook<\/a><\/li>\n\n\n\n<li><a href=\"https:\/\/www.linkedin.com\/company\/listone-giordano\">Linkedin<\/a><\/li>\n<\/ul>\n<\/div><\/div>\n\t\t<div class=\"related-posts\">\r\n\t\t\t<h3 class=\"lusitana medium-font green roboto align-center row-padding\"><span>Related Articles<\/span><\/h3>\r\n\t\t\t<div class=\"container white-bkg\">\r\n\t\t\t\t\t\t\t\t\t\t\t\t\t\t\t\t\t\t\r\n\t\t\t\t\t<div class=\"regular-article column-of-4 left col-padding row-padding\">\r\n\t\t\t\t\t\t<a class=\"image not-mobile\" href=\"https:\/\/www.listonegiordano.com\/one\/cultura\/tommaso-campanella-la-citta-del-sole\/\" rel=\"bookmark\"><img decoding=\"async\" class=\"cover\" src=\"https:\/\/www.listonegiordano.com\/one\/wp-content\/uploads\/2026\/09\/Campanella_Citta_Sole_HEADER-500x230.jpg\" loading=\"lazy\"><\/a>\r\n\t\t\t\t\t\t<div class=\"postedby-on roboto tiny-font\">\t<span class=\"lower byline\">di<\/span> <span class=\"byline\"><span class=\"author vcard\"><a class=\"url fn n\" href=\"https:\/\/www.listonegiordano.com\/one\/author\/danilopremoli\/\">Danilo Premoli<\/a><\/span><\/span>\t<span class=\"posted-on\"> &#8211; 1 giorno fa<\/span><\/div>\t\t\t\t\t\t<h2 class=\"title lusitana small-font\"><a href=\"https:\/\/www.listonegiordano.com\/one\/cultura\/tommaso-campanella-la-citta-del-sole\/\" rel=\"bookmark\">Elogio della rilettura, Tommaso Campanella: La citt\u00e0 del\u00a0Sole<\/a><\/h2>\r\n\t\t\t\t\t<\/div>\r\n\t\t\t\t\t\t\t\t\t\t\t\t\t\t\t\t\t\t\t\t\t\t\t\r\n\t\t\t\t\t<div class=\"regular-article column-of-4 left col-padding row-padding\">\r\n\t\t\t\t\t\t<a class=\"image not-mobile\" href=\"https:\/\/www.listonegiordano.com\/one\/design\/glue-festival-amsterdam-2026-il-design-incontra-la-citta\/\" rel=\"bookmark\"><img decoding=\"async\" class=\"cover\" src=\"https:\/\/www.listonegiordano.com\/one\/wp-content\/uploads\/2026\/08\/glue-festival--500x333.jpg\" loading=\"lazy\"><\/a>\r\n\t\t\t\t\t\t<div class=\"postedby-on roboto tiny-font\">\t<span class=\"lower byline\">di<\/span> <span class=\"byline\"><span class=\"author vcard\"><a class=\"url fn n\" href=\"https:\/\/www.listonegiordano.com\/one\/author\/r-listonegiordano\/\">Redazione<\/a><\/span><\/span>\t<span class=\"posted-on\"> &#8211; 4 settimane fa<\/span><\/div>\t\t\t\t\t\t<h2 class=\"title lusitana small-font\"><a href=\"https:\/\/www.listonegiordano.com\/one\/design\/glue-festival-amsterdam-2026-il-design-incontra-la-citta\/\" rel=\"bookmark\">Glue Festival Amsterdam 2026: il design incontra la citt\u00e0<\/a><\/h2>\r\n\t\t\t\t\t<\/div>\r\n\t\t\t\t\t\t\t\t\t\t\t\t\t\t\t\t\t\t\t\t\t\t\t\t\t<br class=\"separator-mobile clear\">\r\n\t\t\t\t\t\t\t\t\t\r\n\t\t\t\t\t<div class=\"regular-article column-of-4 left col-padding row-padding\">\r\n\t\t\t\t\t\t<a class=\"image not-mobile\" href=\"https:\/\/www.listonegiordano.com\/one\/cultura\/seed-2026\/\" rel=\"bookmark\"><img decoding=\"async\" class=\"cover\" src=\"https:\/\/www.listonegiordano.com\/one\/wp-content\/uploads\/2024\/10\/Seed-20246-500x333.jpg\" loading=\"lazy\"><\/a>\r\n\t\t\t\t\t\t<div class=\"postedby-on roboto tiny-font\">\t<span class=\"lower byline\">di<\/span> <span class=\"byline\"><span class=\"author vcard\"><a class=\"url fn n\" href=\"https:\/\/www.listonegiordano.com\/one\/author\/r-listonegiordano\/\">Redazione<\/a><\/span><\/span>\t<span class=\"posted-on\"> &#8211; 1 mese fa<\/span><\/div>\t\t\t\t\t\t<h2 class=\"title lusitana small-font\"><a href=\"https:\/\/www.listonegiordano.com\/one\/cultura\/seed-2026\/\" rel=\"bookmark\">Seed 2026: a Perugia il design interroga il futuro dell&#8217;umanit\u00e0<\/a><\/h2>\r\n\t\t\t\t\t<\/div>\r\n\t\t\t\t\t\t\t\t\t\t\t\t\t\t\t\t\t\t\t\t\t\t\t\r\n\t\t\t\t\t<div class=\"regular-article column-of-4 left col-padding row-padding\">\r\n\t\t\t\t\t\t<a class=\"image not-mobile\" href=\"https:\/\/www.listonegiordano.com\/one\/architettura\/kolonaki-refinement-rivelare-il-lusso-discreto-di-un-appartamento-ateniese\/\" rel=\"bookmark\"><img decoding=\"async\" class=\"cover\" src=\"https:\/\/www.listonegiordano.com\/one\/wp-content\/uploads\/2026\/07\/Kolonaki-Refinement-ATHENS7-500x333.jpg\" loading=\"lazy\"><\/a>\r\n\t\t\t\t\t\t<div class=\"postedby-on roboto tiny-font\">\t<span class=\"lower byline\">di<\/span> <span class=\"byline\"><span class=\"author vcard\"><a class=\"url fn n\" href=\"https:\/\/www.listonegiordano.com\/one\/author\/r-listonegiordano\/\">Redazione<\/a><\/span><\/span>\t<span class=\"posted-on\"> &#8211; 1 mese fa<\/span><\/div>\t\t\t\t\t\t<h2 class=\"title lusitana small-font\"><a href=\"https:\/\/www.listonegiordano.com\/one\/architettura\/kolonaki-refinement-rivelare-il-lusso-discreto-di-un-appartamento-ateniese\/\" rel=\"bookmark\">Kolonaki Refinement: rivelare il lusso discreto di un appartamento ateniese<\/a><\/h2>\r\n\t\t\t\t\t<\/div>\r\n\t\t\t\t\t\t\t\t\t\t\t\t\t<br class=\"clear\">\r\n\t\t\t<\/div>\r\n\t\t<\/div>\r\n\t\t\n\n\n<p class=\"wp-block-paragraph\"><\/p>\n","protected":false},"excerpt":{"rendered":"<p>\u00c8 morto a Modena, a 92 anni, Franco Fontana, tra i pi\u00f9 importanti protagonisti della fotografia italiana del Novecento. Nato [&hellip;]<\/p>\n","protected":false},"author":3,"featured_media":30708,"comment_status":"closed","ping_status":"closed","sticky":false,"template":"","format":"standard","meta":{"area":"","groups":"","preview":"","columns":"","rows":"","footnotes":""},"categories":[18],"tags":[],"class_list":["post-30705","post","type-post","status-publish","format-standard","has-post-thumbnail","hentry","category-cultura"],"featured_image_src":"https:\/\/www.listonegiordano.com\/one\/wp-content\/uploads\/2026\/09\/franco-fontana-paesaggio-2-150x150.webp","yoast_head":"<!-- This site is optimized with the Yoast SEO Premium plugin v28.1 (Yoast SEO v28.1) - https:\/\/yoast.com\/product\/yoast-seo-premium-wordpress\/ -->\n<title>Franco Fontana, addio al maestro del colore che ha ridisegnato il paesaggio | One Listone Giordano<\/title>\n<meta name=\"description\" content=\"Franco Fontana ci lascia a 92 anni. Il celebre fotografo noto per aver trasformato il coloro in struttura compositiva.\" \/>\n<meta name=\"robots\" content=\"index, follow, max-snippet:-1, max-image-preview:large, max-video-preview:-1\" \/>\n<link rel=\"canonical\" href=\"https:\/\/www.listonegiordano.com\/one\/cultura\/franco-fontana-fotografo\/\" \/>\n<meta property=\"og:locale\" content=\"it_IT\" \/>\n<meta property=\"og:type\" content=\"article\" \/>\n<meta property=\"og:title\" content=\"Franco Fontana, addio al maestro del colore che ha ridisegnato il paesaggio\" \/>\n<meta property=\"og:description\" content=\"\u00c8 morto a Modena, a 92 anni, Franco Fontana, tra i pi\u00f9 importanti protagonisti della fotografia italiana del Novecento. Nato nel 1933, Fontana ha\" \/>\n<meta property=\"og:url\" content=\"https:\/\/www.listonegiordano.com\/one\/cultura\/franco-fontana-fotografo\/\" \/>\n<meta property=\"og:site_name\" content=\"One Listone Giordano\" \/>\n<meta property=\"article:publisher\" content=\"https:\/\/www.facebook.com\/listonegiordanoitalia\/\" \/>\n<meta property=\"article:published_time\" content=\"2026-09-02T08:03:29+00:00\" \/>\n<meta property=\"article:modified_time\" content=\"2026-09-02T08:05:13+00:00\" \/>\n<meta property=\"og:image\" content=\"https:\/\/www.listonegiordano.com\/one\/wp-content\/uploads\/2026\/09\/franco-fontana-paesaggio-2.webp\" \/>\n\t<meta property=\"og:image:width\" content=\"1330\" \/>\n\t<meta property=\"og:image:height\" content=\"833\" \/>\n\t<meta property=\"og:image:type\" content=\"image\/webp\" \/>\n<meta name=\"author\" content=\"Redazione\" \/>\n<meta name=\"twitter:card\" content=\"summary_large_image\" \/>\n<meta name=\"twitter:label1\" content=\"Scritto da\" \/>\n\t<meta name=\"twitter:data1\" content=\"Redazione\" \/>\n\t<meta name=\"twitter:label2\" content=\"Tempo di lettura stimato\" \/>\n\t<meta name=\"twitter:data2\" content=\"3 minuti\" \/>\n<script type=\"application\/ld+json\" class=\"yoast-schema-graph\">{\"@context\":\"https:\\\/\\\/schema.org\",\"@graph\":[{\"@type\":\"Article\",\"@id\":\"https:\\\/\\\/www.listonegiordano.com\\\/one\\\/cultura\\\/franco-fontana-fotografo\\\/#article\",\"isPartOf\":{\"@id\":\"https:\\\/\\\/www.listonegiordano.com\\\/one\\\/cultura\\\/franco-fontana-fotografo\\\/\"},\"author\":{\"name\":\"Redazione\",\"@id\":\"https:\\\/\\\/www.listonegiordano.com\\\/one\\\/#\\\/schema\\\/person\\\/8a45898c971969498387c2725b55454e\"},\"headline\":\"Franco Fontana, addio al maestro del colore che ha ridisegnato il paesaggio\",\"datePublished\":\"2026-09-02T08:03:29+00:00\",\"dateModified\":\"2026-09-02T08:05:13+00:00\",\"mainEntityOfPage\":{\"@id\":\"https:\\\/\\\/www.listonegiordano.com\\\/one\\\/cultura\\\/franco-fontana-fotografo\\\/\"},\"wordCount\":310,\"publisher\":{\"@id\":\"https:\\\/\\\/www.listonegiordano.com\\\/one\\\/#organization\"},\"image\":{\"@id\":\"https:\\\/\\\/www.listonegiordano.com\\\/one\\\/cultura\\\/franco-fontana-fotografo\\\/#primaryimage\"},\"thumbnailUrl\":\"https:\\\/\\\/www.listonegiordano.com\\\/one\\\/wp-content\\\/uploads\\\/2026\\\/09\\\/franco-fontana-paesaggio-2.webp\",\"articleSection\":[\"Cultura\"],\"inLanguage\":\"it-IT\"},{\"@type\":\"WebPage\",\"@id\":\"https:\\\/\\\/www.listonegiordano.com\\\/one\\\/cultura\\\/franco-fontana-fotografo\\\/\",\"url\":\"https:\\\/\\\/www.listonegiordano.com\\\/one\\\/cultura\\\/franco-fontana-fotografo\\\/\",\"name\":\"Franco Fontana, addio al maestro del colore che ha ridisegnato il paesaggio | One Listone Giordano\",\"isPartOf\":{\"@id\":\"https:\\\/\\\/www.listonegiordano.com\\\/one\\\/#website\"},\"primaryImageOfPage\":{\"@id\":\"https:\\\/\\\/www.listonegiordano.com\\\/one\\\/cultura\\\/franco-fontana-fotografo\\\/#primaryimage\"},\"image\":{\"@id\":\"https:\\\/\\\/www.listonegiordano.com\\\/one\\\/cultura\\\/franco-fontana-fotografo\\\/#primaryimage\"},\"thumbnailUrl\":\"https:\\\/\\\/www.listonegiordano.com\\\/one\\\/wp-content\\\/uploads\\\/2026\\\/09\\\/franco-fontana-paesaggio-2.webp\",\"datePublished\":\"2026-09-02T08:03:29+00:00\",\"dateModified\":\"2026-09-02T08:05:13+00:00\",\"description\":\"Franco Fontana ci lascia a 92 anni. Il celebre fotografo noto per aver trasformato il coloro in struttura compositiva.\",\"breadcrumb\":{\"@id\":\"https:\\\/\\\/www.listonegiordano.com\\\/one\\\/cultura\\\/franco-fontana-fotografo\\\/#breadcrumb\"},\"inLanguage\":\"it-IT\",\"potentialAction\":[{\"@type\":\"ReadAction\",\"target\":[\"https:\\\/\\\/www.listonegiordano.com\\\/one\\\/cultura\\\/franco-fontana-fotografo\\\/\"]}]},{\"@type\":\"ImageObject\",\"inLanguage\":\"it-IT\",\"@id\":\"https:\\\/\\\/www.listonegiordano.com\\\/one\\\/cultura\\\/franco-fontana-fotografo\\\/#primaryimage\",\"url\":\"https:\\\/\\\/www.listonegiordano.com\\\/one\\\/wp-content\\\/uploads\\\/2026\\\/09\\\/franco-fontana-paesaggio-2.webp\",\"contentUrl\":\"https:\\\/\\\/www.listonegiordano.com\\\/one\\\/wp-content\\\/uploads\\\/2026\\\/09\\\/franco-fontana-paesaggio-2.webp\",\"width\":1330,\"height\":833,\"caption\":\"Franco Fontana\"},{\"@type\":\"BreadcrumbList\",\"@id\":\"https:\\\/\\\/www.listonegiordano.com\\\/one\\\/cultura\\\/franco-fontana-fotografo\\\/#breadcrumb\",\"itemListElement\":[{\"@type\":\"ListItem\",\"position\":1,\"name\":\"Home\",\"item\":\"https:\\\/\\\/www.listonegiordano.com\\\/one\\\/\"},{\"@type\":\"ListItem\",\"position\":2,\"name\":\"Franco Fontana, addio al maestro del colore che ha ridisegnato il paesaggio\"}]},{\"@type\":\"WebSite\",\"@id\":\"https:\\\/\\\/www.listonegiordano.com\\\/one\\\/#website\",\"url\":\"https:\\\/\\\/www.listonegiordano.com\\\/one\\\/\",\"name\":\"One Listone Giordano\",\"description\":\"Il magazine sull&#039;Architettura e Design firmato Listone Giordano\",\"publisher\":{\"@id\":\"https:\\\/\\\/www.listonegiordano.com\\\/one\\\/#organization\"},\"potentialAction\":[{\"@type\":\"SearchAction\",\"target\":{\"@type\":\"EntryPoint\",\"urlTemplate\":\"https:\\\/\\\/www.listonegiordano.com\\\/one\\\/?s={search_term_string}\"},\"query-input\":{\"@type\":\"PropertyValueSpecification\",\"valueRequired\":true,\"valueName\":\"search_term_string\"}}],\"inLanguage\":\"it-IT\"},{\"@type\":\"Organization\",\"@id\":\"https:\\\/\\\/www.listonegiordano.com\\\/one\\\/#organization\",\"name\":\"One Listone Giordano\",\"url\":\"https:\\\/\\\/www.listonegiordano.com\\\/one\\\/\",\"logo\":{\"@type\":\"ImageObject\",\"inLanguage\":\"it-IT\",\"@id\":\"https:\\\/\\\/www.listonegiordano.com\\\/one\\\/#\\\/schema\\\/logo\\\/image\\\/\",\"url\":\"https:\\\/\\\/www.listonegiordano.com\\\/one\\\/wp-content\\\/uploads\\\/2019\\\/08\\\/MLG-19-immagine_profilo_redazione-1.jpg\",\"contentUrl\":\"https:\\\/\\\/www.listonegiordano.com\\\/one\\\/wp-content\\\/uploads\\\/2019\\\/08\\\/MLG-19-immagine_profilo_redazione-1.jpg\",\"width\":900,\"height\":600,\"caption\":\"One Listone Giordano\"},\"image\":{\"@id\":\"https:\\\/\\\/www.listonegiordano.com\\\/one\\\/#\\\/schema\\\/logo\\\/image\\\/\"},\"sameAs\":[\"https:\\\/\\\/www.facebook.com\\\/listonegiordanoitalia\\\/\",\"https:\\\/\\\/www.instagram.com\\\/listonegiordano\\\/\",\"https:\\\/\\\/www.linkedin.com\\\/company\\\/listone-giordano\\\/\",\"https:\\\/\\\/www.pinterest.it\\\/listoneg\",\"https:\\\/\\\/www.youtube.com\\\/user\\\/ListoneGiordano01\",\"https:\\\/\\\/it.wikipedia.org\\\/wiki\\\/Listone_Giordano\"]},{\"@type\":\"Person\",\"@id\":\"https:\\\/\\\/www.listonegiordano.com\\\/one\\\/#\\\/schema\\\/person\\\/8a45898c971969498387c2725b55454e\",\"name\":\"Redazione\",\"url\":\"https:\\\/\\\/www.listonegiordano.com\\\/one\\\/author\\\/r-listonegiordano\\\/\"}]}<\/script>\n<!-- \/ Yoast SEO Premium plugin. -->","yoast_head_json":{"title":"Franco Fontana, addio al maestro del colore che ha ridisegnato il paesaggio | One Listone Giordano","description":"Franco Fontana ci lascia a 92 anni. Il celebre fotografo noto per aver trasformato il coloro in struttura compositiva.","robots":{"index":"index","follow":"follow","max-snippet":"max-snippet:-1","max-image-preview":"max-image-preview:large","max-video-preview":"max-video-preview:-1"},"canonical":"https:\/\/www.listonegiordano.com\/one\/cultura\/franco-fontana-fotografo\/","og_locale":"it_IT","og_type":"article","og_title":"Franco Fontana, addio al maestro del colore che ha ridisegnato il paesaggio","og_description":"\u00c8 morto a Modena, a 92 anni, Franco Fontana, tra i pi\u00f9 importanti protagonisti della fotografia italiana del Novecento. Nato nel 1933, Fontana ha","og_url":"https:\/\/www.listonegiordano.com\/one\/cultura\/franco-fontana-fotografo\/","og_site_name":"One Listone Giordano","article_publisher":"https:\/\/www.facebook.com\/listonegiordanoitalia\/","article_published_time":"2026-09-02T08:03:29+00:00","article_modified_time":"2026-09-02T08:05:13+00:00","og_image":[{"width":1330,"height":833,"url":"https:\/\/www.listonegiordano.com\/one\/wp-content\/uploads\/2026\/09\/franco-fontana-paesaggio-2.webp","type":"image\/webp"}],"author":"Redazione","twitter_card":"summary_large_image","twitter_misc":{"Scritto da":"Redazione","Tempo di lettura stimato":"3 minuti"},"schema":{"@context":"https:\/\/schema.org","@graph":[{"@type":"Article","@id":"https:\/\/www.listonegiordano.com\/one\/cultura\/franco-fontana-fotografo\/#article","isPartOf":{"@id":"https:\/\/www.listonegiordano.com\/one\/cultura\/franco-fontana-fotografo\/"},"author":{"name":"Redazione","@id":"https:\/\/www.listonegiordano.com\/one\/#\/schema\/person\/8a45898c971969498387c2725b55454e"},"headline":"Franco Fontana, addio al maestro del colore che ha ridisegnato il paesaggio","datePublished":"2026-09-02T08:03:29+00:00","dateModified":"2026-09-02T08:05:13+00:00","mainEntityOfPage":{"@id":"https:\/\/www.listonegiordano.com\/one\/cultura\/franco-fontana-fotografo\/"},"wordCount":310,"publisher":{"@id":"https:\/\/www.listonegiordano.com\/one\/#organization"},"image":{"@id":"https:\/\/www.listonegiordano.com\/one\/cultura\/franco-fontana-fotografo\/#primaryimage"},"thumbnailUrl":"https:\/\/www.listonegiordano.com\/one\/wp-content\/uploads\/2026\/09\/franco-fontana-paesaggio-2.webp","articleSection":["Cultura"],"inLanguage":"it-IT"},{"@type":"WebPage","@id":"https:\/\/www.listonegiordano.com\/one\/cultura\/franco-fontana-fotografo\/","url":"https:\/\/www.listonegiordano.com\/one\/cultura\/franco-fontana-fotografo\/","name":"Franco Fontana, addio al maestro del colore che ha ridisegnato il paesaggio | One Listone Giordano","isPartOf":{"@id":"https:\/\/www.listonegiordano.com\/one\/#website"},"primaryImageOfPage":{"@id":"https:\/\/www.listonegiordano.com\/one\/cultura\/franco-fontana-fotografo\/#primaryimage"},"image":{"@id":"https:\/\/www.listonegiordano.com\/one\/cultura\/franco-fontana-fotografo\/#primaryimage"},"thumbnailUrl":"https:\/\/www.listonegiordano.com\/one\/wp-content\/uploads\/2026\/09\/franco-fontana-paesaggio-2.webp","datePublished":"2026-09-02T08:03:29+00:00","dateModified":"2026-09-02T08:05:13+00:00","description":"Franco Fontana ci lascia a 92 anni. Il celebre fotografo noto per aver trasformato il coloro in struttura compositiva.","breadcrumb":{"@id":"https:\/\/www.listonegiordano.com\/one\/cultura\/franco-fontana-fotografo\/#breadcrumb"},"inLanguage":"it-IT","potentialAction":[{"@type":"ReadAction","target":["https:\/\/www.listonegiordano.com\/one\/cultura\/franco-fontana-fotografo\/"]}]},{"@type":"ImageObject","inLanguage":"it-IT","@id":"https:\/\/www.listonegiordano.com\/one\/cultura\/franco-fontana-fotografo\/#primaryimage","url":"https:\/\/www.listonegiordano.com\/one\/wp-content\/uploads\/2026\/09\/franco-fontana-paesaggio-2.webp","contentUrl":"https:\/\/www.listonegiordano.com\/one\/wp-content\/uploads\/2026\/09\/franco-fontana-paesaggio-2.webp","width":1330,"height":833,"caption":"Franco Fontana"},{"@type":"BreadcrumbList","@id":"https:\/\/www.listonegiordano.com\/one\/cultura\/franco-fontana-fotografo\/#breadcrumb","itemListElement":[{"@type":"ListItem","position":1,"name":"Home","item":"https:\/\/www.listonegiordano.com\/one\/"},{"@type":"ListItem","position":2,"name":"Franco Fontana, addio al maestro del colore che ha ridisegnato il paesaggio"}]},{"@type":"WebSite","@id":"https:\/\/www.listonegiordano.com\/one\/#website","url":"https:\/\/www.listonegiordano.com\/one\/","name":"One Listone Giordano","description":"Il magazine sull&#039;Architettura e Design firmato Listone Giordano","publisher":{"@id":"https:\/\/www.listonegiordano.com\/one\/#organization"},"potentialAction":[{"@type":"SearchAction","target":{"@type":"EntryPoint","urlTemplate":"https:\/\/www.listonegiordano.com\/one\/?s={search_term_string}"},"query-input":{"@type":"PropertyValueSpecification","valueRequired":true,"valueName":"search_term_string"}}],"inLanguage":"it-IT"},{"@type":"Organization","@id":"https:\/\/www.listonegiordano.com\/one\/#organization","name":"One Listone Giordano","url":"https:\/\/www.listonegiordano.com\/one\/","logo":{"@type":"ImageObject","inLanguage":"it-IT","@id":"https:\/\/www.listonegiordano.com\/one\/#\/schema\/logo\/image\/","url":"https:\/\/www.listonegiordano.com\/one\/wp-content\/uploads\/2019\/08\/MLG-19-immagine_profilo_redazione-1.jpg","contentUrl":"https:\/\/www.listonegiordano.com\/one\/wp-content\/uploads\/2019\/08\/MLG-19-immagine_profilo_redazione-1.jpg","width":900,"height":600,"caption":"One Listone Giordano"},"image":{"@id":"https:\/\/www.listonegiordano.com\/one\/#\/schema\/logo\/image\/"},"sameAs":["https:\/\/www.facebook.com\/listonegiordanoitalia\/","https:\/\/www.instagram.com\/listonegiordano\/","https:\/\/www.linkedin.com\/company\/listone-giordano\/","https:\/\/www.pinterest.it\/listoneg","https:\/\/www.youtube.com\/user\/ListoneGiordano01","https:\/\/it.wikipedia.org\/wiki\/Listone_Giordano"]},{"@type":"Person","@id":"https:\/\/www.listonegiordano.com\/one\/#\/schema\/person\/8a45898c971969498387c2725b55454e","name":"Redazione","url":"https:\/\/www.listonegiordano.com\/one\/author\/r-listonegiordano\/"}]}},"amp_enabled":true,"_links":{"self":[{"href":"https:\/\/www.listonegiordano.com\/one\/wp-json\/wp\/v2\/posts\/30705","targetHints":{"allow":["GET"]}}],"collection":[{"href":"https:\/\/www.listonegiordano.com\/one\/wp-json\/wp\/v2\/posts"}],"about":[{"href":"https:\/\/www.listonegiordano.com\/one\/wp-json\/wp\/v2\/types\/post"}],"author":[{"embeddable":true,"href":"https:\/\/www.listonegiordano.com\/one\/wp-json\/wp\/v2\/users\/3"}],"replies":[{"embeddable":true,"href":"https:\/\/www.listonegiordano.com\/one\/wp-json\/wp\/v2\/comments?post=30705"}],"version-history":[{"count":2,"href":"https:\/\/www.listonegiordano.com\/one\/wp-json\/wp\/v2\/posts\/30705\/revisions"}],"predecessor-version":[{"id":30712,"href":"https:\/\/www.listonegiordano.com\/one\/wp-json\/wp\/v2\/posts\/30705\/revisions\/30712"}],"wp:featuredmedia":[{"embeddable":true,"href":"https:\/\/www.listonegiordano.com\/one\/wp-json\/wp\/v2\/media\/30708"}],"wp:attachment":[{"href":"https:\/\/www.listonegiordano.com\/one\/wp-json\/wp\/v2\/media?parent=30705"}],"wp:term":[{"taxonomy":"category","embeddable":true,"href":"https:\/\/www.listonegiordano.com\/one\/wp-json\/wp\/v2\/categories?post=30705"},{"taxonomy":"post_tag","embeddable":true,"href":"https:\/\/www.listonegiordano.com\/one\/wp-json\/wp\/v2\/tags?post=30705"}],"curies":[{"name":"wp","href":"https:\/\/api.w.org\/{rel}","templated":true}]}}